{"id":12892,"date":"2026-04-19T15:25:00","date_gmt":"2026-04-19T15:25:00","guid":{"rendered":"https:\/\/thelabcareer.com\/ea7a70a4-5abf-40ba-9d8f-715d4851a17a\/"},"modified":"2026-04-19T15:25:59","modified_gmt":"2026-04-19T15:25:59","slug":"ea7a70a4-5abf-40ba-9d8f-715d4851a17a","status":"publish","type":"post","link":"https:\/\/thelabcareer.com\/fr\/ea7a70a4-5abf-40ba-9d8f-715d4851a17a\/","title":{"rendered":"Jefe de Cuentas por Pagar: Lidera finanzas y crece profesionalmente"},"content":{"rendered":"<\/p>\n<\/p>\n<div style=\"background: #ffffff; border-radius: 12px; box-shadow: 0 10px 30px rgba(0, 0, 0, 0.1); width: 100%; max-width: 340px; padding: 25px; transition: transform 0.3s ease-in-out; overflow: visible; display: flex; flex-direction: column; position: relative; border: 1px solid #28a745; margin-top: 70px; margin-bottom: 50px; margin-left: auto; margin-right: auto;\">\n<div style=\"position: absolute; top: -35px; right: 15px; color: #28a745; padding: 5px 10px; border-radius: 6px; font-size: 14px; font-weight: bold; display: flex; align-items: center; z-index: 10;\">Recommand\u00e9 pour toi<\/div>\n<div data-namespace-header=\"\" style=\"\">\n<h3 data-namespace-title=\"\" style=\"color: #333; font-size: 20px; font-weight: bold; text-align: left; margin-right: 50px; min-height: 50px; margin-top: 0px;\">Jefe de Cuentas por Pagar<\/h3>\n<\/p><\/div>\n<p data-namespace-prompt=\"\" style=\"font-size: 16px; color: #666; margin-bottom: 20px; line-height: 1.5; flex-grow: 1; text-align: left; margin-top: 0px;\">Gestiona procesos de cuentas, lidera equipos, coordina auditor\u00edas y asegura el cumplimiento de pol\u00edticas internas. Crecimiento profesional y retos constantes.<\/p>\n<p>    <a data-namespace-url=\"\" href=\"https:\/\/thelabcareer.com\/fr\/redirect\/?https:\/\/jobs.progreso.com\/job\/Guatemala-JEFE-DE-CUENTAS-POR-PAGAR-GUAT\/1383074600\/?utm_campaign=google_jobs_apply&#038;utm_source=google_jobs_apply&#038;utm_medium=organic\" style=\"width: 100%; display: inline-block; color: white; text-decoration: none; border-radius: 6px; font-size: 16px; font-weight: bold; text-align: center; transition: transform 0.3s ease, background 0.3s ease; margin-top: auto;\" data-namespace-id=\"5c0d2565-3ba9-4280-a382-ad2a691e2285\"><br \/>\n        <button style=\"width: 100%; height: 55px; background: #e9e9ed; border: 1px solid black; color: black;\">Postular a la vacante<\/button><br \/>\n    <\/a><br \/>\n    <small style=\"margin-top: 10px; color: #777; font-size: 12px; text-align: center; display: block;\">Ser\u00e1s redirigido a otro site web<\/small>\n<\/div>\n<p>Jefe de Cuentas por Pagar es una posici\u00f3n clave para quienes buscan liderar equipos y procesar transacciones financieras cr\u00edticas en una empresa reconocida. Aunque el salario espec\u00edfico no se detalla, se espera un paquete competitivo acorde a la experiencia y al nivel de responsabilidad asumida. El puesto requiere dedicaci\u00f3n en tiempo completo y ofrece oportunidades para demostrar tus habilidades en an\u00e1lisis financiero y cumplimiento normativo. Es crucial ser graduado en Contadur\u00eda P\u00fablica y Auditor\u00eda adem\u00e1s de tener experiencia en posiciones similares.<\/p>\n<h2>Responsabilit\u00e9s principales en el d\u00eda a d\u00eda<\/h2>\n<p>Supervisar y verificar cuentas por pagar, garantizando registros fieles y exactos.<\/p>\n<p>Coordinar la emisi\u00f3n de documentos fiscales, validando la correcta operaci\u00f3n financiera.<\/p>\n<p>Resolver dudas de auditor\u00edas y atender solicitudes de proveedores con claridad y profesionalismo.<\/p>\n<p>Cumplir y asegurar que las pol\u00edticas internas y la legislaci\u00f3n se respeten al detalle.<\/p>\n<p>Analizar saldos y asegurar conciliaciones oportunas para decisiones certeras.<\/p>\n<h2>Principales ventes de la vacance<\/h2>\n<p>Pertenecer\u00e1s a una empresa estable con valores \u00e9ticos, liderazgo genuino y principios de sostenibilidad.<\/p>\n<p>Es una oportunidad para crecer profesionalmente y ganar experiencia en sistemas avanzados como SAP ECC y S4HANA.<\/p>\n<h2>Consideraciones y posibles desventajas<\/h2>\n<p>Se exige disponibilidad para viajes frecuentes, lo que puede afectar la flexibilidad personal.<\/p>\n<p>El ambiente, aunque profesional, implica responsabilidad constante y supervisi\u00f3n estricta en cumplimiento de pol\u00edticas.<\/p>\n<h2>Veredicto final<\/h2>\n<p>Esta oferta es ideal si tienes experiencia, buscas un nuevo desaf\u00edo y disfrutas de liderar procesos financieros complejos. Considera tus prioridades antes de aplicar.<\/p>\n<div style=\"background: #ffffff; border-radius: 12px; box-shadow: 0 10px 30px rgba(0, 0, 0, 0.1); width: 100%; max-width: 340px; padding: 25px; transition: transform 0.3s ease-in-out; overflow: visible; display: flex; flex-direction: column; position: relative; border: 1px solid #28a745; margin-top: 70px; margin-bottom: 50px; margin-left: auto; margin-right: auto;\">\n<div style=\"position: absolute; top: -35px; right: 15px; color: #28a745; padding: 5px 10px; border-radius: 6px; font-size: 14px; font-weight: bold; display: flex; align-items: center; z-index: 10;\">Recommand\u00e9 pour toi<\/div>\n<div data-namespace-header=\"\" style=\"\">\n<h3 data-namespace-title=\"\" style=\"color: #333; font-size: 20px; font-weight: bold; text-align: left; margin-right: 50px; min-height: 50px; margin-top: 0px;\">Jefe de Cuentas por Pagar<\/h3>\n<\/p><\/div>\n<p data-namespace-prompt=\"\" style=\"font-size: 16px; color: #666; margin-bottom: 20px; line-height: 1.5; flex-grow: 1; text-align: left; margin-top: 0px;\">Gestiona procesos de cuentas, lidera equipos, coordina auditor\u00edas y asegura el cumplimiento de pol\u00edticas internas. Crecimiento profesional y retos constantes.<\/p>\n<p>    <a data-namespace-url=\"\" href=\"https:\/\/thelabcareer.com\/fr\/redirect\/?https:\/\/jobs.progreso.com\/job\/Guatemala-JEFE-DE-CUENTAS-POR-PAGAR-GUAT\/1383074600\/?utm_campaign=google_jobs_apply&#038;utm_source=google_jobs_apply&#038;utm_medium=organic\" style=\"width: 100%; display: inline-block; color: white; text-decoration: none; border-radius: 6px; font-size: 16px; font-weight: bold; text-align: center; transition: transform 0.3s ease, background 0.3s ease; margin-top: auto;\" data-namespace-id=\"5c0d2565-3ba9-4280-a382-ad2a691e2285\"><br \/>\n        <button style=\"width: 100%; height: 55px; background: #e9e9ed; border: 1px solid black; color: black;\">Postular a la vacante<\/button><br \/>\n    <\/a><br \/>\n    <small style=\"margin-top: 10px; color: #777; font-size: 12px; text-align: center; display: block;\">Ser\u00e1s redirigido a otro site web<\/small>\n<\/div>","protected":false},"excerpt":{"rendered":"<p>Aplica para Jefe de Cuentas por Pagar y lidera procesos contables en una empresa s\u00f3lida. Potencia tu perfil profesional con retos y estabilidad. Demuestra tu experiencia y capacidades.<\/p>","protected":false},"author":3,"featured_media":0,"comment_status":"open","ping_status":"open","sticky":false,"template":"","format":"standard","meta":{"_uag_custom_page_level_css":"","site-sidebar-layout":"default","site-content-layout":"","ast-site-content-layout":"","site-content-style":"default","site-sidebar-style":"default","ast-global-header-display":"","ast-banner-title-visibility":"","ast-main-header-display":"","ast-hfb-above-header-display":"","ast-hfb-below-header-display":"","ast-hfb-mobile-header-display":"","site-post-title":"","ast-breadcrumbs-content":"","ast-featured-img":"","footer-sml-layout":"","theme-transparent-header-meta":"","adv-header-id-meta":"","stick-header-meta":"","header-above-stick-meta":"","header-main-stick-meta":"","header-below-stick-meta":"","astra-migrate-meta-layouts":"default","ast-page-background-enabled":"default","ast-page-background-meta":{"desktop":{"background-color":"var(--ast-global-color-4)","background-image":"","background-repeat":"repeat","background-position":"center center","background-size":"auto","background-attachment":"scroll","background-type":"","background-media":"","overlay-type":"","overlay-color":"","overlay-opacity":"","overlay-gradient":""},"tablet":{"background-color":"","background-image":"","background-repeat":"repeat","background-position":"center center","background-size":"auto","background-attachment":"scroll","background-type":"","background-media":"","overlay-type":"","overlay-color":"","overlay-opacity":"","overlay-gradient":""},"mobile":{"background-color":"","background-image":"","background-repeat":"repeat","background-position":"center center","background-size":"auto","background-attachment":"scroll","background-type":"","background-media":"","overlay-type":"","overlay-color":"","overlay-opacity":"","overlay-gradient":""}},"ast-content-background-meta":{"desktop":{"background-color":"var(--ast-global-color-5)","background-image":"","background-repeat":"repeat","background-position":"center center","background-size":"auto","background-attachment":"scroll","background-type":"","background-media":"","overlay-type":"","overlay-color":"","overlay-opacity":"","overlay-gradient":""},"tablet":{"background-color":"var(--ast-global-color-5)","background-image":"","background-repeat":"repeat","background-position":"center center","background-size":"auto","background-attachment":"scroll","background-type":"","background-media":"","overlay-type":"","overlay-color":"","overlay-opacity":"","overlay-gradient":""},"mobile":{"background-color":"var(--ast-global-color-5)","background-image":"","background-repeat":"repeat","background-position":"center center","background-size":"auto","background-attachment":"scroll","background-type":"","background-media":"","overlay-type":"","overlay-color":"","overlay-opacity":"","overlay-gradient":""}},"footnotes":""},"categories":[10],"tags":[],"yoast_head":"<!-- This site is optimized with the Yoast SEO plugin v23.3 - https:\/\/yoast.com\/wordpress\/plugins\/seo\/ -->\n<title>Jefe de Cuentas por Pagar: Lidera finanzas y crece profesionalmente - The Lab Career<\/title>\n<meta name=\"robots\" content=\"index, follow, max-snippet:-1, max-image-preview:large, max-video-preview:-1\" \/>\n<link rel=\"canonical\" href=\"https:\/\/thelabcareer.com\/fr\/ea7a70a4-5abf-40ba-9d8f-715d4851a17a\/\" \/>\n<meta property=\"og:locale\" content=\"fr_FR\" \/>\n<meta property=\"og:type\" content=\"article\" \/>\n<meta property=\"og:title\" content=\"Jefe de Cuentas por Pagar: Lidera finanzas y crece profesionalmente - The Lab Career\" \/>\n<meta property=\"og:description\" content=\"Aplica para Jefe de Cuentas por Pagar y lidera procesos contables en una empresa s\u00f3lida. Potencia tu perfil profesional con retos y estabilidad. Demuestra tu experiencia y capacidades.\" \/>\n<meta property=\"og:url\" content=\"https:\/\/thelabcareer.com\/fr\/ea7a70a4-5abf-40ba-9d8f-715d4851a17a\/\" \/>\n<meta property=\"og:site_name\" content=\"The Lab Career\" \/>\n<meta property=\"article:published_time\" content=\"2026-04-19T15:25:00+00:00\" \/>\n<meta property=\"article:modified_time\" content=\"2026-04-19T15:25:59+00:00\" \/>\n<meta name=\"author\" content=\"Bruno Gianni\" \/>\n<meta name=\"twitter:card\" content=\"summary_large_image\" \/>\n<meta name=\"twitter:label1\" content=\"Written by\" \/>\n\t<meta name=\"twitter:data1\" content=\"Bruno Gianni\" \/>\n\t<meta name=\"twitter:label2\" content=\"Est. reading time\" \/>\n\t<meta name=\"twitter:data2\" content=\"2 minutes\" \/>\n<script type=\"application\/ld+json\" class=\"yoast-schema-graph\">{\"@context\":\"https:\/\/schema.org\",\"@graph\":[{\"@type\":\"Article\",\"@id\":\"https:\/\/thelabcareer.com\/ea7a70a4-5abf-40ba-9d8f-715d4851a17a\/#article\",\"isPartOf\":{\"@id\":\"https:\/\/thelabcareer.com\/ea7a70a4-5abf-40ba-9d8f-715d4851a17a\/\"},\"author\":{\"name\":\"Bruno Gianni\",\"@id\":\"https:\/\/thelabcareer.com\/#\/schema\/person\/d52888235fd6563bd07d97185d6a61e4\"},\"headline\":\"Jefe de Cuentas por Pagar: Lidera finanzas y crece profesionalmente\",\"datePublished\":\"2026-04-19T15:25:00+00:00\",\"dateModified\":\"2026-04-19T15:25:59+00:00\",\"mainEntityOfPage\":{\"@id\":\"https:\/\/thelabcareer.com\/ea7a70a4-5abf-40ba-9d8f-715d4851a17a\/\"},\"wordCount\":352,\"commentCount\":0,\"publisher\":{\"@id\":\"https:\/\/thelabcareer.com\/#organization\"},\"articleSection\":[\"Hidden\"],\"inLanguage\":\"fr-FR\",\"potentialAction\":[{\"@type\":\"CommentAction\",\"name\":\"Comment\",\"target\":[\"https:\/\/thelabcareer.com\/ea7a70a4-5abf-40ba-9d8f-715d4851a17a\/#respond\"]}]},{\"@type\":\"WebPage\",\"@id\":\"https:\/\/thelabcareer.com\/ea7a70a4-5abf-40ba-9d8f-715d4851a17a\/\",\"url\":\"https:\/\/thelabcareer.com\/ea7a70a4-5abf-40ba-9d8f-715d4851a17a\/\",\"name\":\"Jefe de Cuentas por Pagar: Lidera finanzas y crece profesionalmente - The Lab Career\",\"isPartOf\":{\"@id\":\"https:\/\/thelabcareer.com\/#website\"},\"datePublished\":\"2026-04-19T15:25:00+00:00\",\"dateModified\":\"2026-04-19T15:25:59+00:00\",\"breadcrumb\":{\"@id\":\"https:\/\/thelabcareer.com\/ea7a70a4-5abf-40ba-9d8f-715d4851a17a\/#breadcrumb\"},\"inLanguage\":\"fr-FR\",\"potentialAction\":[{\"@type\":\"ReadAction\",\"target\":[\"https:\/\/thelabcareer.com\/ea7a70a4-5abf-40ba-9d8f-715d4851a17a\/\"]}]},{\"@type\":\"BreadcrumbList\",\"@id\":\"https:\/\/thelabcareer.com\/ea7a70a4-5abf-40ba-9d8f-715d4851a17a\/#breadcrumb\",\"itemListElement\":[{\"@type\":\"ListItem\",\"position\":1,\"name\":\"Home\",\"item\":\"https:\/\/thelabcareer.com\/\"},{\"@type\":\"ListItem\",\"position\":2,\"name\":\"Jefe de Cuentas por Pagar: Lidera finanzas y crece profesionalmente\"}]},{\"@type\":\"WebSite\",\"@id\":\"https:\/\/thelabcareer.com\/#website\",\"url\":\"https:\/\/thelabcareer.com\/\",\"name\":\"The Lab Career\",\"description\":\"\",\"publisher\":{\"@id\":\"https:\/\/thelabcareer.com\/#organization\"},\"potentialAction\":[{\"@type\":\"SearchAction\",\"target\":{\"@type\":\"EntryPoint\",\"urlTemplate\":\"https:\/\/thelabcareer.com\/?s={search_term_string}\"},\"query-input\":\"required name=search_term_string\"}],\"inLanguage\":\"fr-FR\"},{\"@type\":\"Organization\",\"@id\":\"https:\/\/thelabcareer.com\/#organization\",\"name\":\"The Lab Career\",\"url\":\"https:\/\/thelabcareer.com\/\",\"logo\":{\"@type\":\"ImageObject\",\"inLanguage\":\"fr-FR\",\"@id\":\"https:\/\/thelabcareer.com\/#\/schema\/logo\/image\/\",\"url\":\"https:\/\/thelabcareer.com\/wp-content\/uploads\/sites\/471\/2025\/12\/cropped-cropped-cropped-thelabcareer-logo.png\",\"contentUrl\":\"https:\/\/thelabcareer.com\/wp-content\/uploads\/sites\/471\/2025\/12\/cropped-cropped-cropped-thelabcareer-logo.png\",\"width\":255,\"height\":364,\"caption\":\"The Lab Career\"},\"image\":{\"@id\":\"https:\/\/thelabcareer.com\/#\/schema\/logo\/image\/\"}},{\"@type\":\"Person\",\"@id\":\"https:\/\/thelabcareer.com\/#\/schema\/person\/d52888235fd6563bd07d97185d6a61e4\",\"name\":\"Bruno Gianni\",\"image\":{\"@type\":\"ImageObject\",\"inLanguage\":\"fr-FR\",\"@id\":\"https:\/\/thelabcareer.com\/#\/schema\/person\/image\/\",\"url\":\"https:\/\/secure.gravatar.com\/avatar\/0f5d42d7bf77874643c1478932860e3f?s=96&d=mm&r=g\",\"contentUrl\":\"https:\/\/secure.gravatar.com\/avatar\/0f5d42d7bf77874643c1478932860e3f?s=96&d=mm&r=g\",\"caption\":\"Bruno Gianni\"},\"description\":\"Bruno writes the way he lives, with curiosity, care, and respect for people. He likes to observe, listen, and try to understand what is happening on the other side before putting any words on the page.For him, writing is not about impressing, but about getting closer. It is about turning thoughts into something simple, clear, and real. Every text is an ongoing conversation, created with care and honesty, with the sincere intention of touching someone, somewhere along the way.\",\"url\":\"https:\/\/thelabcareer.com\/fr\/author\/bcgianni\/\"}]}<\/script>\n<!-- \/ Yoast SEO plugin. -->","yoast_head_json":{"title":"Jefe de Cuentas por Pagar: Lidera finanzas y crece profesionalmente - The Lab Career","robots":{"index":"index","follow":"follow","max-snippet":"max-snippet:-1","max-image-preview":"max-image-preview:large","max-video-preview":"max-video-preview:-1"},"canonical":"https:\/\/thelabcareer.com\/fr\/ea7a70a4-5abf-40ba-9d8f-715d4851a17a\/","og_locale":"fr_FR","og_type":"article","og_title":"Jefe de Cuentas por Pagar: Lidera finanzas y crece profesionalmente - The Lab Career","og_description":"Aplica para Jefe de Cuentas por Pagar y lidera procesos contables en una empresa s\u00f3lida. Potencia tu perfil profesional con retos y estabilidad. Demuestra tu experiencia y capacidades.","og_url":"https:\/\/thelabcareer.com\/fr\/ea7a70a4-5abf-40ba-9d8f-715d4851a17a\/","og_site_name":"The Lab Career","article_published_time":"2026-04-19T15:25:00+00:00","article_modified_time":"2026-04-19T15:25:59+00:00","author":"Bruno Gianni","twitter_card":"summary_large_image","twitter_misc":{"Written by":"Bruno Gianni","Est. reading time":"2 minutes"},"schema":{"@context":"https:\/\/schema.org","@graph":[{"@type":"Article","@id":"https:\/\/thelabcareer.com\/ea7a70a4-5abf-40ba-9d8f-715d4851a17a\/#article","isPartOf":{"@id":"https:\/\/thelabcareer.com\/ea7a70a4-5abf-40ba-9d8f-715d4851a17a\/"},"author":{"name":"Bruno Gianni","@id":"https:\/\/thelabcareer.com\/#\/schema\/person\/d52888235fd6563bd07d97185d6a61e4"},"headline":"Jefe de Cuentas por Pagar: Lidera finanzas y crece profesionalmente","datePublished":"2026-04-19T15:25:00+00:00","dateModified":"2026-04-19T15:25:59+00:00","mainEntityOfPage":{"@id":"https:\/\/thelabcareer.com\/ea7a70a4-5abf-40ba-9d8f-715d4851a17a\/"},"wordCount":352,"commentCount":0,"publisher":{"@id":"https:\/\/thelabcareer.com\/#organization"},"articleSection":["Hidden"],"inLanguage":"fr-FR","potentialAction":[{"@type":"CommentAction","name":"Comment","target":["https:\/\/thelabcareer.com\/ea7a70a4-5abf-40ba-9d8f-715d4851a17a\/#respond"]}]},{"@type":"WebPage","@id":"https:\/\/thelabcareer.com\/ea7a70a4-5abf-40ba-9d8f-715d4851a17a\/","url":"https:\/\/thelabcareer.com\/ea7a70a4-5abf-40ba-9d8f-715d4851a17a\/","name":"Jefe de Cuentas por Pagar: Lidera finanzas y crece profesionalmente - The Lab Career","isPartOf":{"@id":"https:\/\/thelabcareer.com\/#website"},"datePublished":"2026-04-19T15:25:00+00:00","dateModified":"2026-04-19T15:25:59+00:00","breadcrumb":{"@id":"https:\/\/thelabcareer.com\/ea7a70a4-5abf-40ba-9d8f-715d4851a17a\/#breadcrumb"},"inLanguage":"fr-FR","potentialAction":[{"@type":"ReadAction","target":["https:\/\/thelabcareer.com\/ea7a70a4-5abf-40ba-9d8f-715d4851a17a\/"]}]},{"@type":"BreadcrumbList","@id":"https:\/\/thelabcareer.com\/ea7a70a4-5abf-40ba-9d8f-715d4851a17a\/#breadcrumb","itemListElement":[{"@type":"ListItem","position":1,"name":"Home","item":"https:\/\/thelabcareer.com\/"},{"@type":"ListItem","position":2,"name":"Jefe de Cuentas por Pagar: Lidera finanzas y crece profesionalmente"}]},{"@type":"WebSite","@id":"https:\/\/thelabcareer.com\/#website","url":"https:\/\/thelabcareer.com\/","name":"The Lab Career","description":"","publisher":{"@id":"https:\/\/thelabcareer.com\/#organization"},"potentialAction":[{"@type":"SearchAction","target":{"@type":"EntryPoint","urlTemplate":"https:\/\/thelabcareer.com\/?s={search_term_string}"},"query-input":"required name=search_term_string"}],"inLanguage":"fr-FR"},{"@type":"Organization","@id":"https:\/\/thelabcareer.com\/#organization","name":"The Lab Career","url":"https:\/\/thelabcareer.com\/","logo":{"@type":"ImageObject","inLanguage":"fr-FR","@id":"https:\/\/thelabcareer.com\/#\/schema\/logo\/image\/","url":"https:\/\/thelabcareer.com\/wp-content\/uploads\/sites\/471\/2025\/12\/cropped-cropped-cropped-thelabcareer-logo.png","contentUrl":"https:\/\/thelabcareer.com\/wp-content\/uploads\/sites\/471\/2025\/12\/cropped-cropped-cropped-thelabcareer-logo.png","width":255,"height":364,"caption":"The Lab Career"},"image":{"@id":"https:\/\/thelabcareer.com\/#\/schema\/logo\/image\/"}},{"@type":"Person","@id":"https:\/\/thelabcareer.com\/#\/schema\/person\/d52888235fd6563bd07d97185d6a61e4","name":"Bruno Gianni","image":{"@type":"ImageObject","inLanguage":"fr-FR","@id":"https:\/\/thelabcareer.com\/#\/schema\/person\/image\/","url":"https:\/\/secure.gravatar.com\/avatar\/0f5d42d7bf77874643c1478932860e3f?s=96&d=mm&r=g","contentUrl":"https:\/\/secure.gravatar.com\/avatar\/0f5d42d7bf77874643c1478932860e3f?s=96&d=mm&r=g","caption":"Bruno Gianni"},"description":"Bruno writes the way he lives, with curiosity, care, and respect for people. He likes to observe, listen, and try to understand what is happening on the other side before putting any words on the page.For him, writing is not about impressing, but about getting closer. It is about turning thoughts into something simple, clear, and real. Every text is an ongoing conversation, created with care and honesty, with the sincere intention of touching someone, somewhere along the way.","url":"https:\/\/thelabcareer.com\/fr\/author\/bcgianni\/"}]}},"uagb_featured_image_src":{"full":false,"thumbnail":false,"medium":false,"medium_large":false,"large":false,"1536x1536":false,"2048x2048":false,"trp-custom-language-flag":false},"uagb_author_info":{"display_name":"Bruno Gianni","author_link":"https:\/\/thelabcareer.com\/fr\/author\/bcgianni\/"},"uagb_comment_info":0,"uagb_excerpt":"Aplica para Jefe de Cuentas por Pagar y lidera procesos contables en una empresa s\u00f3lida. Potencia tu perfil profesional con retos y estabilidad. Demuestra tu experiencia y capacidades.","_links":{"self":[{"href":"https:\/\/thelabcareer.com\/fr\/wp-json\/wp\/v2\/posts\/12892"}],"collection":[{"href":"https:\/\/thelabcareer.com\/fr\/wp-json\/wp\/v2\/posts"}],"about":[{"href":"https:\/\/thelabcareer.com\/fr\/wp-json\/wp\/v2\/types\/post"}],"author":[{"embeddable":true,"href":"https:\/\/thelabcareer.com\/fr\/wp-json\/wp\/v2\/users\/3"}],"replies":[{"embeddable":true,"href":"https:\/\/thelabcareer.com\/fr\/wp-json\/wp\/v2\/comments?post=12892"}],"version-history":[{"count":1,"href":"https:\/\/thelabcareer.com\/fr\/wp-json\/wp\/v2\/posts\/12892\/revisions"}],"predecessor-version":[{"id":12901,"href":"https:\/\/thelabcareer.com\/fr\/wp-json\/wp\/v2\/posts\/12892\/revisions\/12901"}],"wp:attachment":[{"href":"https:\/\/thelabcareer.com\/fr\/wp-json\/wp\/v2\/media?parent=12892"}],"wp:term":[{"taxonomy":"category","embeddable":true,"href":"https:\/\/thelabcareer.com\/fr\/wp-json\/wp\/v2\/categories?post=12892"},{"taxonomy":"post_tag","embeddable":true,"href":"https:\/\/thelabcareer.com\/fr\/wp-json\/wp\/v2\/tags?post=12892"}],"curies":[{"name":"wp","href":"https:\/\/api.w.org\/{rel}","templated":true}]}}