{"id":12869,"date":"2026-04-19T05:52:00","date_gmt":"2026-04-19T05:52:00","guid":{"rendered":"https:\/\/thelabcareer.com\/b65fced6-7321-479d-9a5b-c9bfec93afb9\/"},"modified":"2026-04-19T05:52:52","modified_gmt":"2026-04-19T05:52:52","slug":"b65fced6-7321-479d-9a5b-c9bfec93afb9","status":"publish","type":"post","link":"https:\/\/thelabcareer.com\/fr\/b65fced6-7321-479d-9a5b-c9bfec93afb9\/","title":{"rendered":"M\u00e9dico Ultrasonograf\u00edsta \u2013 Sueldo Competitivo y Crecimiento Laboral Destacado"},"content":{"rendered":"<\/p>\n<\/p>\n<div style=\"background: #ffffff; border-radius: 12px; box-shadow: 0 10px 30px rgba(0, 0, 0, 0.1); width: 100%; max-width: 340px; padding: 25px; transition: transform 0.3s ease-in-out; overflow: visible; display: flex; flex-direction: column; position: relative; border: 1px solid #28a745; margin-top: 70px; margin-bottom: 50px; margin-left: auto; margin-right: auto;\">\n<div style=\"position: absolute; top: -35px; right: 15px; color: #28a745; padding: 5px 10px; border-radius: 6px; font-size: 14px; font-weight: bold; display: flex; align-items: center; z-index: 10;\">Recommand\u00e9 pour toi<\/div>\n<div data-namespace-header=\"\" style=\"\">\n<h3 data-namespace-title=\"\" style=\"color: #333; font-size: 20px; font-weight: bold; text-align: left; margin-right: 50px; min-height: 50px; margin-top: 0px;\">M\u00e9dico Ultrasonograf\u00edsta<\/h3>\n<\/p><\/div>\n<p data-namespace-prompt=\"\" style=\"font-size: 16px; color: #666; margin-bottom: 20px; line-height: 1.5; flex-grow: 1; text-align: left; margin-top: 0px;\">\u00danete a una organizaci\u00f3n reconocida por su ambiente laboral, sueldo base superior y oportunidades de desarrollo profesional. Requiere t\u00edtulo m\u00e9dico, c\u00e9dula y experiencia en ultrasonograf\u00eda.<\/p>\n<p>    <a data-namespace-url=\"\" href=\"https:\/\/thelabcareer.com\/fr\/redirect\/?https:\/\/mx.computrabajo.com\/ofertas-de-trabajo\/oferta-de-trabajo-de-medico-ultrasonografista-tijuana-cucapah-en-tijuana-3c89718e4ab3620061373e686dcf3405?utm_campaign=google_jobs_apply&#038;utm_source=google_jobs_apply&#038;utm_medium=organic\" style=\"width: 100%; display: inline-block; color: white; text-decoration: none; border-radius: 6px; font-size: 16px; font-weight: bold; text-align: center; transition: transform 0.3s ease, background 0.3s ease; margin-top: auto;\" data-namespace-id=\"5c0d2565-3ba9-4280-a382-ad2a691e2285\"><br \/>\n        <button style=\"width: 100%; height: 55px; background: #e9e9ed; border: 1px solid black; color: black;\">Postularte al empleo<\/button><br \/>\n    <\/a><br \/>\n    <small style=\"margin-top: 10px; color: #777; font-size: 12px; text-align: center; display: block;\">Ser\u00e1s redirig\u00e9 vers un autre site Web<\/small>\n<\/div>\n<section>\n<h2>\u00bfQu\u00e9 ofrece este empleo?<\/h2>\n<p>La vacante de M\u00e9dico Ultrasonograf\u00edsta destaca por un sueldo mensual muy competitivo, con una media salarial que ronda los $23,703 MXN, llegando hasta $30,000.<\/p>\n<p>Este empleo es de tiempo completo y contrato por tiempo indeterminado. No tendr\u00e1s que preocuparte por la estabilidad laboral una vez contratado.<\/p>\n<p>Incluye esquema de comisiones y diversos bonos adicionales al salario base, especialmente en zonas de frontera. Se ofrecen tambi\u00e9n grandes beneficios.<\/p>\n<p>Prestaciones de ley y beneficios adicionales por parte de la instituci\u00f3n forman parte del paquete de compensaci\u00f3n para quienes se integran al equipo.<\/p>\n<p>La vacante pide disponibilidad para viajar, lo que puede interesar a quienes buscan ampliar su experiencia profesional en diferentes sedes.<\/p>\n<\/section>\n<section>\n<h2>Responsabilit\u00e9s et jour \u00e0 jour<\/h2>\n<p>El M\u00e9dico Ultrasonograf\u00edsta realiza estudios diagn\u00f3sticos por imagen, aplicando conocimientos en ultrasonograf\u00eda para el apoyo cl\u00ednico.<\/p>\n<p>Entre las tareas est\u00e1n la atenci\u00f3n personalizada a los pacientes y el uso de equipo de \u00faltima generaci\u00f3n para ex\u00e1menes m\u00e9dicos.<\/p>\n<p>Es necesario mantener una comunicaci\u00f3n clara con el personal m\u00e9dico para contribuir a diagn\u00f3sticos oportunos y certeros.<\/p>\n<p>Adem\u00e1s, contempla la actualizaci\u00f3n constante en procedimientos, asegurando atenci\u00f3n de calidad y la mejora continua.<\/p>\n<p>El enfoque del trabajo es garantizar bienestar y precisi\u00f3n diagn\u00f3stica, siendo el v\u00ednculo esencial entre cl\u00ednica y paciente.<\/p>\n<\/section>\n<section>\n<h2>Lo destacado del puesto<\/h2>\n<p>El ambiente laboral obtiene evaluaciones excelentes, con m\u00e1s del 90% de los empleados recomendando la empresa.<\/p>\n<p>El sueldo base superior, bonos adicionales y comisiones resultan atractivos para quienes desean seguridad financiera y reconocimiento.<\/p>\n<\/section>\n<section>\n<h2>Aspectos por considerar<\/h2>\n<p>El puesto requiere t\u00edtulo y c\u00e9dula profesional, as\u00ed como diplomado o especialidad en ultrasonograf\u00eda, filtros eliminatorios.<\/p>\n<p>La experiencia m\u00ednima solicitada puede limitar a reci\u00e9n egresados. Tambi\u00e9n se pide disponibilidad de viajar, que no todos pueden asumir.<\/p>\n<\/section>\n<section>\n<h2>Veredicto final<\/h2>\n<p>La vacante de M\u00e9dico Ultrasonograf\u00edsta es ideal si buscas estabilidad, crecimiento y un salario acorde al mercado. El ambiente laboral es positivo.<\/p>\n<p>Si cumples los requisitos, no dudes en postularte, pues esta es una oportunidad destacada que impulsa tu desarrollo profesional en el \u00e1rea m\u00e9dica.<\/p>\n<\/section>\n<\/p>\n<div style=\"background: #ffffff; border-radius: 12px; box-shadow: 0 10px 30px rgba(0, 0, 0, 0.1); width: 100%; max-width: 340px; padding: 25px; transition: transform 0.3s ease-in-out; overflow: visible; display: flex; flex-direction: column; position: relative; border: 1px solid #28a745; margin-top: 70px; margin-bottom: 50px; margin-left: auto; margin-right: auto;\">\n<div style=\"position: absolute; top: -35px; right: 15px; color: #28a745; padding: 5px 10px; border-radius: 6px; font-size: 14px; font-weight: bold; display: flex; align-items: center; z-index: 10;\">Recommand\u00e9 pour toi<\/div>\n<div data-namespace-header=\"\" style=\"\">\n<h3 data-namespace-title=\"\" style=\"color: #333; font-size: 20px; font-weight: bold; text-align: left; margin-right: 50px; min-height: 50px; margin-top: 0px;\">M\u00e9dico Ultrasonograf\u00edsta<\/h3>\n<\/p><\/div>\n<p data-namespace-prompt=\"\" style=\"font-size: 16px; color: #666; margin-bottom: 20px; line-height: 1.5; flex-grow: 1; text-align: left; margin-top: 0px;\">\u00danete a una organizaci\u00f3n reconocida por su ambiente laboral, sueldo base superior y oportunidades de desarrollo profesional. Requiere t\u00edtulo m\u00e9dico, c\u00e9dula y experiencia en ultrasonograf\u00eda.<\/p>\n<p>    <a data-namespace-url=\"\" href=\"https:\/\/thelabcareer.com\/fr\/redirect\/?https:\/\/mx.computrabajo.com\/ofertas-de-trabajo\/oferta-de-trabajo-de-medico-ultrasonografista-tijuana-cucapah-en-tijuana-3c89718e4ab3620061373e686dcf3405?utm_campaign=google_jobs_apply&#038;utm_source=google_jobs_apply&#038;utm_medium=organic\" style=\"width: 100%; display: inline-block; color: white; text-decoration: none; border-radius: 6px; font-size: 16px; font-weight: bold; text-align: center; transition: transform 0.3s ease, background 0.3s ease; margin-top: auto;\" data-namespace-id=\"5c0d2565-3ba9-4280-a382-ad2a691e2285\"><br \/>\n        <button style=\"width: 100%; height: 55px; background: #e9e9ed; border: 1px solid black; color: black;\">Postularte al empleo<\/button><br \/>\n    <\/a><br \/>\n    <small style=\"margin-top: 10px; color: #777; font-size: 12px; text-align: center; display: block;\">Ser\u00e1s redirig\u00e9 vers un autre site Web<\/small>\n<\/div>","protected":false},"excerpt":{"rendered":"<p>Oportunidad como M\u00e9dico Ultrasonograf\u00edsta con sueldo competitivo, crecimiento profesional y excelente ambiente laboral. Beneficios y comisiones superiores. Requiere experiencia y t\u00edtulo profesional. \u00a1Post\u00falate!<\/p>","protected":false},"author":3,"featured_media":0,"comment_status":"open","ping_status":"open","sticky":false,"template":"","format":"standard","meta":{"_uag_custom_page_level_css":"","site-sidebar-layout":"default","site-content-layout":"","ast-site-content-layout":"","site-content-style":"default","site-sidebar-style":"default","ast-global-header-display":"","ast-banner-title-visibility":"","ast-main-header-display":"","ast-hfb-above-header-display":"","ast-hfb-below-header-display":"","ast-hfb-mobile-header-display":"","site-post-title":"","ast-breadcrumbs-content":"","ast-featured-img":"","footer-sml-layout":"","theme-transparent-header-meta":"","adv-header-id-meta":"","stick-header-meta":"","header-above-stick-meta":"","header-main-stick-meta":"","header-below-stick-meta":"","astra-migrate-meta-layouts":"default","ast-page-background-enabled":"default","ast-page-background-meta":{"desktop":{"background-color":"var(--ast-global-color-4)","background-image":"","background-repeat":"repeat","background-position":"center center","background-size":"auto","background-attachment":"scroll","background-type":"","background-media":"","overlay-type":"","overlay-color":"","overlay-opacity":"","overlay-gradient":""},"tablet":{"background-color":"","background-image":"","background-repeat":"repeat","background-position":"center center","background-size":"auto","background-attachment":"scroll","background-type":"","background-media":"","overlay-type":"","overlay-color":"","overlay-opacity":"","overlay-gradient":""},"mobile":{"background-color":"","background-image":"","background-repeat":"repeat","background-position":"center center","background-size":"auto","background-attachment":"scroll","background-type":"","background-media":"","overlay-type":"","overlay-color":"","overlay-opacity":"","overlay-gradient":""}},"ast-content-background-meta":{"desktop":{"background-color":"var(--ast-global-color-5)","background-image":"","background-repeat":"repeat","background-position":"center center","background-size":"auto","background-attachment":"scroll","background-type":"","background-media":"","overlay-type":"","overlay-color":"","overlay-opacity":"","overlay-gradient":""},"tablet":{"background-color":"var(--ast-global-color-5)","background-image":"","background-repeat":"repeat","background-position":"center center","background-size":"auto","background-attachment":"scroll","background-type":"","background-media":"","overlay-type":"","overlay-color":"","overlay-opacity":"","overlay-gradient":""},"mobile":{"background-color":"var(--ast-global-color-5)","background-image":"","background-repeat":"repeat","background-position":"center center","background-size":"auto","background-attachment":"scroll","background-type":"","background-media":"","overlay-type":"","overlay-color":"","overlay-opacity":"","overlay-gradient":""}},"footnotes":""},"categories":[10],"tags":[],"yoast_head":"<!-- This site is optimized with the Yoast SEO plugin v23.3 - https:\/\/yoast.com\/wordpress\/plugins\/seo\/ -->\n<title>M\u00e9dico Ultrasonograf\u00edsta \u2013 Sueldo Competitivo y Crecimiento Laboral Destacado - The Lab Career<\/title>\n<meta name=\"robots\" content=\"index, follow, max-snippet:-1, max-image-preview:large, max-video-preview:-1\" \/>\n<link rel=\"canonical\" href=\"https:\/\/thelabcareer.com\/fr\/b65fced6-7321-479d-9a5b-c9bfec93afb9\/\" \/>\n<meta property=\"og:locale\" content=\"fr_FR\" \/>\n<meta property=\"og:type\" content=\"article\" \/>\n<meta property=\"og:title\" content=\"M\u00e9dico Ultrasonograf\u00edsta \u2013 Sueldo Competitivo y Crecimiento Laboral Destacado - The Lab Career\" \/>\n<meta property=\"og:description\" content=\"Oportunidad como M\u00e9dico Ultrasonograf\u00edsta con sueldo competitivo, crecimiento profesional y excelente ambiente laboral. Beneficios y comisiones superiores. Requiere experiencia y t\u00edtulo profesional. \u00a1Post\u00falate!\" \/>\n<meta property=\"og:url\" content=\"https:\/\/thelabcareer.com\/fr\/b65fced6-7321-479d-9a5b-c9bfec93afb9\/\" \/>\n<meta property=\"og:site_name\" content=\"The Lab Career\" \/>\n<meta property=\"article:published_time\" content=\"2026-04-19T05:52:00+00:00\" \/>\n<meta property=\"article:modified_time\" content=\"2026-04-19T05:52:52+00:00\" \/>\n<meta name=\"author\" content=\"Bruno Gianni\" \/>\n<meta name=\"twitter:card\" content=\"summary_large_image\" \/>\n<meta name=\"twitter:label1\" content=\"Written by\" \/>\n\t<meta name=\"twitter:data1\" content=\"Bruno Gianni\" \/>\n\t<meta name=\"twitter:label2\" content=\"Est. reading time\" \/>\n\t<meta name=\"twitter:data2\" content=\"2 minutes\" \/>\n<script type=\"application\/ld+json\" class=\"yoast-schema-graph\">{\"@context\":\"https:\/\/schema.org\",\"@graph\":[{\"@type\":\"Article\",\"@id\":\"https:\/\/thelabcareer.com\/b65fced6-7321-479d-9a5b-c9bfec93afb9\/#article\",\"isPartOf\":{\"@id\":\"https:\/\/thelabcareer.com\/b65fced6-7321-479d-9a5b-c9bfec93afb9\/\"},\"author\":{\"name\":\"Bruno Gianni\",\"@id\":\"https:\/\/thelabcareer.com\/#\/schema\/person\/d52888235fd6563bd07d97185d6a61e4\"},\"headline\":\"M\u00e9dico Ultrasonograf\u00edsta \u2013 Sueldo Competitivo y Crecimiento Laboral Destacado\",\"datePublished\":\"2026-04-19T05:52:00+00:00\",\"dateModified\":\"2026-04-19T05:52:52+00:00\",\"mainEntityOfPage\":{\"@id\":\"https:\/\/thelabcareer.com\/b65fced6-7321-479d-9a5b-c9bfec93afb9\/\"},\"wordCount\":468,\"commentCount\":0,\"publisher\":{\"@id\":\"https:\/\/thelabcareer.com\/#organization\"},\"articleSection\":[\"Hidden\"],\"inLanguage\":\"fr-FR\",\"potentialAction\":[{\"@type\":\"CommentAction\",\"name\":\"Comment\",\"target\":[\"https:\/\/thelabcareer.com\/b65fced6-7321-479d-9a5b-c9bfec93afb9\/#respond\"]}]},{\"@type\":\"WebPage\",\"@id\":\"https:\/\/thelabcareer.com\/b65fced6-7321-479d-9a5b-c9bfec93afb9\/\",\"url\":\"https:\/\/thelabcareer.com\/b65fced6-7321-479d-9a5b-c9bfec93afb9\/\",\"name\":\"M\u00e9dico Ultrasonograf\u00edsta \u2013 Sueldo Competitivo y Crecimiento Laboral Destacado - The Lab Career\",\"isPartOf\":{\"@id\":\"https:\/\/thelabcareer.com\/#website\"},\"datePublished\":\"2026-04-19T05:52:00+00:00\",\"dateModified\":\"2026-04-19T05:52:52+00:00\",\"breadcrumb\":{\"@id\":\"https:\/\/thelabcareer.com\/b65fced6-7321-479d-9a5b-c9bfec93afb9\/#breadcrumb\"},\"inLanguage\":\"fr-FR\",\"potentialAction\":[{\"@type\":\"ReadAction\",\"target\":[\"https:\/\/thelabcareer.com\/b65fced6-7321-479d-9a5b-c9bfec93afb9\/\"]}]},{\"@type\":\"BreadcrumbList\",\"@id\":\"https:\/\/thelabcareer.com\/b65fced6-7321-479d-9a5b-c9bfec93afb9\/#breadcrumb\",\"itemListElement\":[{\"@type\":\"ListItem\",\"position\":1,\"name\":\"Home\",\"item\":\"https:\/\/thelabcareer.com\/\"},{\"@type\":\"ListItem\",\"position\":2,\"name\":\"M\u00e9dico Ultrasonograf\u00edsta \u2013 Sueldo Competitivo y Crecimiento Laboral Destacado\"}]},{\"@type\":\"WebSite\",\"@id\":\"https:\/\/thelabcareer.com\/#website\",\"url\":\"https:\/\/thelabcareer.com\/\",\"name\":\"The Lab Career\",\"description\":\"\",\"publisher\":{\"@id\":\"https:\/\/thelabcareer.com\/#organization\"},\"potentialAction\":[{\"@type\":\"SearchAction\",\"target\":{\"@type\":\"EntryPoint\",\"urlTemplate\":\"https:\/\/thelabcareer.com\/?s={search_term_string}\"},\"query-input\":\"required name=search_term_string\"}],\"inLanguage\":\"fr-FR\"},{\"@type\":\"Organization\",\"@id\":\"https:\/\/thelabcareer.com\/#organization\",\"name\":\"The Lab Career\",\"url\":\"https:\/\/thelabcareer.com\/\",\"logo\":{\"@type\":\"ImageObject\",\"inLanguage\":\"fr-FR\",\"@id\":\"https:\/\/thelabcareer.com\/#\/schema\/logo\/image\/\",\"url\":\"https:\/\/thelabcareer.com\/wp-content\/uploads\/sites\/471\/2025\/12\/cropped-cropped-cropped-thelabcareer-logo.png\",\"contentUrl\":\"https:\/\/thelabcareer.com\/wp-content\/uploads\/sites\/471\/2025\/12\/cropped-cropped-cropped-thelabcareer-logo.png\",\"width\":255,\"height\":364,\"caption\":\"The Lab Career\"},\"image\":{\"@id\":\"https:\/\/thelabcareer.com\/#\/schema\/logo\/image\/\"}},{\"@type\":\"Person\",\"@id\":\"https:\/\/thelabcareer.com\/#\/schema\/person\/d52888235fd6563bd07d97185d6a61e4\",\"name\":\"Bruno Gianni\",\"image\":{\"@type\":\"ImageObject\",\"inLanguage\":\"fr-FR\",\"@id\":\"https:\/\/thelabcareer.com\/#\/schema\/person\/image\/\",\"url\":\"https:\/\/secure.gravatar.com\/avatar\/0f5d42d7bf77874643c1478932860e3f?s=96&d=mm&r=g\",\"contentUrl\":\"https:\/\/secure.gravatar.com\/avatar\/0f5d42d7bf77874643c1478932860e3f?s=96&d=mm&r=g\",\"caption\":\"Bruno Gianni\"},\"description\":\"Bruno writes the way he lives, with curiosity, care, and respect for people. He likes to observe, listen, and try to understand what is happening on the other side before putting any words on the page.For him, writing is not about impressing, but about getting closer. It is about turning thoughts into something simple, clear, and real. Every text is an ongoing conversation, created with care and honesty, with the sincere intention of touching someone, somewhere along the way.\",\"url\":\"https:\/\/thelabcareer.com\/fr\/author\/bcgianni\/\"}]}<\/script>\n<!-- \/ Yoast SEO plugin. -->","yoast_head_json":{"title":"M\u00e9dico Ultrasonograf\u00edsta \u2013 Sueldo Competitivo y Crecimiento Laboral Destacado - The Lab Career","robots":{"index":"index","follow":"follow","max-snippet":"max-snippet:-1","max-image-preview":"max-image-preview:large","max-video-preview":"max-video-preview:-1"},"canonical":"https:\/\/thelabcareer.com\/fr\/b65fced6-7321-479d-9a5b-c9bfec93afb9\/","og_locale":"fr_FR","og_type":"article","og_title":"M\u00e9dico Ultrasonograf\u00edsta \u2013 Sueldo Competitivo y Crecimiento Laboral Destacado - The Lab Career","og_description":"Oportunidad como M\u00e9dico Ultrasonograf\u00edsta con sueldo competitivo, crecimiento profesional y excelente ambiente laboral. Beneficios y comisiones superiores. Requiere experiencia y t\u00edtulo profesional. \u00a1Post\u00falate!","og_url":"https:\/\/thelabcareer.com\/fr\/b65fced6-7321-479d-9a5b-c9bfec93afb9\/","og_site_name":"The Lab Career","article_published_time":"2026-04-19T05:52:00+00:00","article_modified_time":"2026-04-19T05:52:52+00:00","author":"Bruno Gianni","twitter_card":"summary_large_image","twitter_misc":{"Written by":"Bruno Gianni","Est. reading time":"2 minutes"},"schema":{"@context":"https:\/\/schema.org","@graph":[{"@type":"Article","@id":"https:\/\/thelabcareer.com\/b65fced6-7321-479d-9a5b-c9bfec93afb9\/#article","isPartOf":{"@id":"https:\/\/thelabcareer.com\/b65fced6-7321-479d-9a5b-c9bfec93afb9\/"},"author":{"name":"Bruno Gianni","@id":"https:\/\/thelabcareer.com\/#\/schema\/person\/d52888235fd6563bd07d97185d6a61e4"},"headline":"M\u00e9dico Ultrasonograf\u00edsta \u2013 Sueldo Competitivo y Crecimiento Laboral Destacado","datePublished":"2026-04-19T05:52:00+00:00","dateModified":"2026-04-19T05:52:52+00:00","mainEntityOfPage":{"@id":"https:\/\/thelabcareer.com\/b65fced6-7321-479d-9a5b-c9bfec93afb9\/"},"wordCount":468,"commentCount":0,"publisher":{"@id":"https:\/\/thelabcareer.com\/#organization"},"articleSection":["Hidden"],"inLanguage":"fr-FR","potentialAction":[{"@type":"CommentAction","name":"Comment","target":["https:\/\/thelabcareer.com\/b65fced6-7321-479d-9a5b-c9bfec93afb9\/#respond"]}]},{"@type":"WebPage","@id":"https:\/\/thelabcareer.com\/b65fced6-7321-479d-9a5b-c9bfec93afb9\/","url":"https:\/\/thelabcareer.com\/b65fced6-7321-479d-9a5b-c9bfec93afb9\/","name":"M\u00e9dico Ultrasonograf\u00edsta \u2013 Sueldo Competitivo y Crecimiento Laboral Destacado - The Lab Career","isPartOf":{"@id":"https:\/\/thelabcareer.com\/#website"},"datePublished":"2026-04-19T05:52:00+00:00","dateModified":"2026-04-19T05:52:52+00:00","breadcrumb":{"@id":"https:\/\/thelabcareer.com\/b65fced6-7321-479d-9a5b-c9bfec93afb9\/#breadcrumb"},"inLanguage":"fr-FR","potentialAction":[{"@type":"ReadAction","target":["https:\/\/thelabcareer.com\/b65fced6-7321-479d-9a5b-c9bfec93afb9\/"]}]},{"@type":"BreadcrumbList","@id":"https:\/\/thelabcareer.com\/b65fced6-7321-479d-9a5b-c9bfec93afb9\/#breadcrumb","itemListElement":[{"@type":"ListItem","position":1,"name":"Home","item":"https:\/\/thelabcareer.com\/"},{"@type":"ListItem","position":2,"name":"M\u00e9dico Ultrasonograf\u00edsta \u2013 Sueldo Competitivo y Crecimiento Laboral Destacado"}]},{"@type":"WebSite","@id":"https:\/\/thelabcareer.com\/#website","url":"https:\/\/thelabcareer.com\/","name":"The Lab Career","description":"","publisher":{"@id":"https:\/\/thelabcareer.com\/#organization"},"potentialAction":[{"@type":"SearchAction","target":{"@type":"EntryPoint","urlTemplate":"https:\/\/thelabcareer.com\/?s={search_term_string}"},"query-input":"required name=search_term_string"}],"inLanguage":"fr-FR"},{"@type":"Organization","@id":"https:\/\/thelabcareer.com\/#organization","name":"The Lab Career","url":"https:\/\/thelabcareer.com\/","logo":{"@type":"ImageObject","inLanguage":"fr-FR","@id":"https:\/\/thelabcareer.com\/#\/schema\/logo\/image\/","url":"https:\/\/thelabcareer.com\/wp-content\/uploads\/sites\/471\/2025\/12\/cropped-cropped-cropped-thelabcareer-logo.png","contentUrl":"https:\/\/thelabcareer.com\/wp-content\/uploads\/sites\/471\/2025\/12\/cropped-cropped-cropped-thelabcareer-logo.png","width":255,"height":364,"caption":"The Lab Career"},"image":{"@id":"https:\/\/thelabcareer.com\/#\/schema\/logo\/image\/"}},{"@type":"Person","@id":"https:\/\/thelabcareer.com\/#\/schema\/person\/d52888235fd6563bd07d97185d6a61e4","name":"Bruno Gianni","image":{"@type":"ImageObject","inLanguage":"fr-FR","@id":"https:\/\/thelabcareer.com\/#\/schema\/person\/image\/","url":"https:\/\/secure.gravatar.com\/avatar\/0f5d42d7bf77874643c1478932860e3f?s=96&d=mm&r=g","contentUrl":"https:\/\/secure.gravatar.com\/avatar\/0f5d42d7bf77874643c1478932860e3f?s=96&d=mm&r=g","caption":"Bruno Gianni"},"description":"Bruno writes the way he lives, with curiosity, care, and respect for people. He likes to observe, listen, and try to understand what is happening on the other side before putting any words on the page.For him, writing is not about impressing, but about getting closer. It is about turning thoughts into something simple, clear, and real. Every text is an ongoing conversation, created with care and honesty, with the sincere intention of touching someone, somewhere along the way.","url":"https:\/\/thelabcareer.com\/fr\/author\/bcgianni\/"}]}},"uagb_featured_image_src":{"full":false,"thumbnail":false,"medium":false,"medium_large":false,"large":false,"1536x1536":false,"2048x2048":false,"trp-custom-language-flag":false},"uagb_author_info":{"display_name":"Bruno Gianni","author_link":"https:\/\/thelabcareer.com\/fr\/author\/bcgianni\/"},"uagb_comment_info":0,"uagb_excerpt":"Oportunidad como M\u00e9dico Ultrasonograf\u00edsta con sueldo competitivo, crecimiento profesional y excelente ambiente laboral. Beneficios y comisiones superiores. Requiere experiencia y t\u00edtulo profesional. \u00a1Post\u00falate!","_links":{"self":[{"href":"https:\/\/thelabcareer.com\/fr\/wp-json\/wp\/v2\/posts\/12869"}],"collection":[{"href":"https:\/\/thelabcareer.com\/fr\/wp-json\/wp\/v2\/posts"}],"about":[{"href":"https:\/\/thelabcareer.com\/fr\/wp-json\/wp\/v2\/types\/post"}],"author":[{"embeddable":true,"href":"https:\/\/thelabcareer.com\/fr\/wp-json\/wp\/v2\/users\/3"}],"replies":[{"embeddable":true,"href":"https:\/\/thelabcareer.com\/fr\/wp-json\/wp\/v2\/comments?post=12869"}],"version-history":[{"count":1,"href":"https:\/\/thelabcareer.com\/fr\/wp-json\/wp\/v2\/posts\/12869\/revisions"}],"predecessor-version":[{"id":12877,"href":"https:\/\/thelabcareer.com\/fr\/wp-json\/wp\/v2\/posts\/12869\/revisions\/12877"}],"wp:attachment":[{"href":"https:\/\/thelabcareer.com\/fr\/wp-json\/wp\/v2\/media?parent=12869"}],"wp:term":[{"taxonomy":"category","embeddable":true,"href":"https:\/\/thelabcareer.com\/fr\/wp-json\/wp\/v2\/categories?post=12869"},{"taxonomy":"post_tag","embeddable":true,"href":"https:\/\/thelabcareer.com\/fr\/wp-json\/wp\/v2\/tags?post=12869"}],"curies":[{"name":"wp","href":"https:\/\/api.w.org\/{rel}","templated":true}]}}