{"id":12662,"date":"2026-04-18T02:10:00","date_gmt":"2026-04-18T02:10:00","guid":{"rendered":"https:\/\/thelabcareer.com\/4a897db0-e5f3-4989-9082-b44be6223187\/"},"modified":"2026-04-18T02:10:46","modified_gmt":"2026-04-18T02:10:46","slug":"4a897db0-e5f3-4989-9082-b44be6223187","status":"publish","type":"post","link":"https:\/\/thelabcareer.com\/fr\/4a897db0-e5f3-4989-9082-b44be6223187\/","title":{"rendered":"Auxiliares de Almac\u00e9n y Cajera: Jornada Lunes a Viernes y Descanso Fijo"},"content":{"rendered":"<\/p>\n<\/p>\n<div style=\"background: #ffffff; border-radius: 12px; box-shadow: 0 10px 30px rgba(0, 0, 0, 0.1); width: 100%; max-width: 340px; padding: 25px; transition: transform 0.3s ease-in-out; overflow: visible; display: flex; flex-direction: column; position: relative; border: 1px solid #28a745; margin-top: 70px; margin-bottom: 50px; margin-left: auto; margin-right: auto;\">\n<div style=\"position: absolute; top: -35px; right: 15px; color: #28a745; padding: 5px 10px; border-radius: 6px; font-size: 14px; font-weight: bold; display: flex; align-items: center; z-index: 10;\">Recommand\u00e9 pour toi<\/div>\n<div data-namespace-header=\"\" style=\"\">\n<h3 data-namespace-title=\"\" style=\"color: #333; font-size: 20px; font-weight: bold; text-align: left; margin-right: 50px; min-height: 50px; margin-top: 0px;\">Auxiliar de Almac\u00e9n y Cajera<\/h3>\n<\/p><\/div>\n<p data-namespace-prompt=\"\" style=\"font-size: 16px; color: #666; margin-bottom: 20px; line-height: 1.5; flex-grow: 1; text-align: left; margin-top: 0px;\">Posibilidad de iniciar sin experiencia previa, descanso asegurado s\u00e1bados y domingos. Horario corrido con hora de comida y ambiente de trabajo estable.<\/p>\n<p>    <a data-namespace-url=\"\" href=\"https:\/\/thelabcareer.com\/fr\/redirect\/?https:\/\/mx.jobrapido.com\/jobpreview\/6622535355750940672?utm_campaign=google_jobs_apply&#038;utm_source=google_jobs_apply&#038;utm_medium=organic\" style=\"width: 100%; display: inline-block; color: white; text-decoration: none; border-radius: 6px; font-size: 16px; font-weight: bold; text-align: center; transition: transform 0.3s ease, background 0.3s ease; margin-top: auto;\" data-namespace-id=\"5c0d2565-3ba9-4280-a382-ad2a691e2285\"><br \/>\n        <button style=\"width: 100%; height: 55px; background: #e9e9ed; border: 1px solid black; color: black;\">Postuler \u00e0 l&#039;emploi<\/button><br \/>\n    <\/a><br \/>\n    <small style=\"margin-top: 10px; color: #777; font-size: 12px; text-align: center; display: block;\">Ser\u00e1s redirigido a otro site web<\/small>\n<\/div>\n<p><!-- Introducci\u00f3n de la vacante --><br \/>\n\u00bfBuscas empleo estable como auxiliar de almac\u00e9n o cajera? Esta oferta te permitir\u00e1 acceder a un horario c\u00f3modo de lunes a viernes, con descanso fijo los fines de semana. Aunque la vacante no menciona salario exacto, destaca condiciones accesibles para quienes inician o buscan mejorar su experiencia.<\/p>\n<p><!-- Descripci\u00f3n de responsabilidades --><\/p>\n<h2>Responsabilidades diarias<\/h2>\n<p>La cajera deber\u00e1 manejar operaciones de cobro y atenci\u00f3n al cliente, requiriendo experiencia m\u00ednima de un a\u00f1o. Los auxiliares de almac\u00e9n apoyan en inventario y log\u00edstica interna, sin necesidad de experiencia previa. Se valora la licencia de manejo, aunque no es indispensable para el puesto. Las jornadas laborales son de 8:00 a 18:30, e incluyen espacio dedicado para la hora de comida, promoviendo buen balance entre trabajo y descanso.<\/p>\n<p><!-- Ventajas de la oferta --><\/p>\n<h2>Puntos une faveur<\/h2>\n<p>Uno de los mayores atractivos de la vacante es el descanso garantizado s\u00e1bados y domingos, ideal para quienes valoran ese tiempo libre para familia o proyectos personales. Adem\u00e1s, la posibilidad de acceder al puesto de auxiliar de almac\u00e9n sin experiencia previa permite que m\u00e1s personas puedan ingresar al mercado laboral con facilidad.<\/p>\n<p><!-- Desventajas de la oferta --><\/p>\n<h2>Points en contra<\/h2>\n<p>Entre los posibles contras, la vacante no especifica el rango salarial ofrecido, lo cual puede dificultar tomar decisiones informadas antes de postularte. El rol de cajera s\u00ed exige experiencia comprobable m\u00ednima de un a\u00f1o, limitando el acceso a quienes apenas desean integrarse en estas funciones.<\/p>\n<p><!-- Veredicto sobre la oferta --><\/p>\n<h2>Veredicto final<\/h2>\n<p>Esta vacante destaca por su ambiente laboral estructurado y descansos fijos, ideal para quienes buscan equilibrio entre desarrollo profesional y vida personal. Para auxiliares, abrir puertas sin requerir experiencia es una ventaja considerable.<\/p>\n<div style=\"background: #ffffff; border-radius: 12px; box-shadow: 0 10px 30px rgba(0, 0, 0, 0.1); width: 100%; max-width: 340px; padding: 25px; transition: transform 0.3s ease-in-out; overflow: visible; display: flex; flex-direction: column; position: relative; border: 1px solid #28a745; margin-top: 70px; margin-bottom: 50px; margin-left: auto; margin-right: auto;\">\n<div style=\"position: absolute; top: -35px; right: 15px; color: #28a745; padding: 5px 10px; border-radius: 6px; font-size: 14px; font-weight: bold; display: flex; align-items: center; z-index: 10;\">Recommand\u00e9 pour toi<\/div>\n<div data-namespace-header=\"\" style=\"\">\n<h3 data-namespace-title=\"\" style=\"color: #333; font-size: 20px; font-weight: bold; text-align: left; margin-right: 50px; min-height: 50px; margin-top: 0px;\">Auxiliar de Almac\u00e9n y Cajera<\/h3>\n<\/p><\/div>\n<p data-namespace-prompt=\"\" style=\"font-size: 16px; color: #666; margin-bottom: 20px; line-height: 1.5; flex-grow: 1; text-align: left; margin-top: 0px;\">Posibilidad de iniciar sin experiencia previa, descanso asegurado s\u00e1bados y domingos. Horario corrido con hora de comida y ambiente de trabajo estable.<\/p>\n<p>    <a data-namespace-url=\"\" href=\"https:\/\/thelabcareer.com\/fr\/redirect\/?https:\/\/mx.jobrapido.com\/jobpreview\/6622535355750940672?utm_campaign=google_jobs_apply&#038;utm_source=google_jobs_apply&#038;utm_medium=organic\" style=\"width: 100%; display: inline-block; color: white; text-decoration: none; border-radius: 6px; font-size: 16px; font-weight: bold; text-align: center; transition: transform 0.3s ease, background 0.3s ease; margin-top: auto;\" data-namespace-id=\"5c0d2565-3ba9-4280-a382-ad2a691e2285\"><br \/>\n        <button style=\"width: 100%; height: 55px; background: #e9e9ed; border: 1px solid black; color: black;\">Postuler \u00e0 l&#039;emploi<\/button><br \/>\n    <\/a><br \/>\n    <small style=\"margin-top: 10px; color: #777; font-size: 12px; text-align: center; display: block;\">Ser\u00e1s redirigido a otro site web<\/small>\n<\/div>","protected":false},"excerpt":{"rendered":"<p>Vacante para auxiliares de almac\u00e9n y cajera con horario corrido, descanso sabatino y dominical, opci\u00f3n sin experiencia y ambiente estable. \u00a1Conoce los detalles aqu\u00ed!<\/p>","protected":false},"author":3,"featured_media":0,"comment_status":"open","ping_status":"open","sticky":false,"template":"","format":"standard","meta":{"_uag_custom_page_level_css":"","site-sidebar-layout":"default","site-content-layout":"","ast-site-content-layout":"","site-content-style":"default","site-sidebar-style":"default","ast-global-header-display":"","ast-banner-title-visibility":"","ast-main-header-display":"","ast-hfb-above-header-display":"","ast-hfb-below-header-display":"","ast-hfb-mobile-header-display":"","site-post-title":"","ast-breadcrumbs-content":"","ast-featured-img":"","footer-sml-layout":"","theme-transparent-header-meta":"","adv-header-id-meta":"","stick-header-meta":"","header-above-stick-meta":"","header-main-stick-meta":"","header-below-stick-meta":"","astra-migrate-meta-layouts":"default","ast-page-background-enabled":"default","ast-page-background-meta":{"desktop":{"background-color":"var(--ast-global-color-4)","background-image":"","background-repeat":"repeat","background-position":"center center","background-size":"auto","background-attachment":"scroll","background-type":"","background-media":"","overlay-type":"","overlay-color":"","overlay-opacity":"","overlay-gradient":""},"tablet":{"background-color":"","background-image":"","background-repeat":"repeat","background-position":"center center","background-size":"auto","background-attachment":"scroll","background-type":"","background-media":"","overlay-type":"","overlay-color":"","overlay-opacity":"","overlay-gradient":""},"mobile":{"background-color":"","background-image":"","background-repeat":"repeat","background-position":"center center","background-size":"auto","background-attachment":"scroll","background-type":"","background-media":"","overlay-type":"","overlay-color":"","overlay-opacity":"","overlay-gradient":""}},"ast-content-background-meta":{"desktop":{"background-color":"var(--ast-global-color-5)","background-image":"","background-repeat":"repeat","background-position":"center center","background-size":"auto","background-attachment":"scroll","background-type":"","background-media":"","overlay-type":"","overlay-color":"","overlay-opacity":"","overlay-gradient":""},"tablet":{"background-color":"var(--ast-global-color-5)","background-image":"","background-repeat":"repeat","background-position":"center center","background-size":"auto","background-attachment":"scroll","background-type":"","background-media":"","overlay-type":"","overlay-color":"","overlay-opacity":"","overlay-gradient":""},"mobile":{"background-color":"var(--ast-global-color-5)","background-image":"","background-repeat":"repeat","background-position":"center center","background-size":"auto","background-attachment":"scroll","background-type":"","background-media":"","overlay-type":"","overlay-color":"","overlay-opacity":"","overlay-gradient":""}},"footnotes":""},"categories":[10],"tags":[],"yoast_head":"<!-- This site is optimized with the Yoast SEO plugin v23.3 - https:\/\/yoast.com\/wordpress\/plugins\/seo\/ -->\n<title>Auxiliares de Almac\u00e9n y Cajera: Jornada Lunes a Viernes y Descanso Fijo - The Lab Career<\/title>\n<meta name=\"robots\" content=\"index, follow, max-snippet:-1, max-image-preview:large, max-video-preview:-1\" \/>\n<link rel=\"canonical\" href=\"https:\/\/thelabcareer.com\/fr\/4a897db0-e5f3-4989-9082-b44be6223187\/\" \/>\n<meta property=\"og:locale\" content=\"fr_FR\" \/>\n<meta property=\"og:type\" content=\"article\" \/>\n<meta property=\"og:title\" content=\"Auxiliares de Almac\u00e9n y Cajera: Jornada Lunes a Viernes y Descanso Fijo - The Lab Career\" \/>\n<meta property=\"og:description\" content=\"Vacante para auxiliares de almac\u00e9n y cajera con horario corrido, descanso sabatino y dominical, opci\u00f3n sin experiencia y ambiente estable. \u00a1Conoce los detalles aqu\u00ed!\" \/>\n<meta property=\"og:url\" content=\"https:\/\/thelabcareer.com\/fr\/4a897db0-e5f3-4989-9082-b44be6223187\/\" \/>\n<meta property=\"og:site_name\" content=\"The Lab Career\" \/>\n<meta property=\"article:published_time\" content=\"2026-04-18T02:10:00+00:00\" \/>\n<meta property=\"article:modified_time\" content=\"2026-04-18T02:10:46+00:00\" \/>\n<meta name=\"author\" content=\"Bruno Gianni\" \/>\n<meta name=\"twitter:card\" content=\"summary_large_image\" \/>\n<meta name=\"twitter:label1\" content=\"Written by\" \/>\n\t<meta name=\"twitter:data1\" content=\"Bruno Gianni\" \/>\n\t<meta name=\"twitter:label2\" content=\"Est. reading time\" \/>\n\t<meta name=\"twitter:data2\" content=\"2 minutes\" \/>\n<script type=\"application\/ld+json\" class=\"yoast-schema-graph\">{\"@context\":\"https:\/\/schema.org\",\"@graph\":[{\"@type\":\"Article\",\"@id\":\"https:\/\/thelabcareer.com\/4a897db0-e5f3-4989-9082-b44be6223187\/#article\",\"isPartOf\":{\"@id\":\"https:\/\/thelabcareer.com\/4a897db0-e5f3-4989-9082-b44be6223187\/\"},\"author\":{\"name\":\"Bruno Gianni\",\"@id\":\"https:\/\/thelabcareer.com\/#\/schema\/person\/d52888235fd6563bd07d97185d6a61e4\"},\"headline\":\"Auxiliares de Almac\u00e9n y Cajera: Jornada Lunes a Viernes y Descanso Fijo\",\"datePublished\":\"2026-04-18T02:10:00+00:00\",\"dateModified\":\"2026-04-18T02:10:46+00:00\",\"mainEntityOfPage\":{\"@id\":\"https:\/\/thelabcareer.com\/4a897db0-e5f3-4989-9082-b44be6223187\/\"},\"wordCount\":364,\"commentCount\":0,\"publisher\":{\"@id\":\"https:\/\/thelabcareer.com\/#organization\"},\"articleSection\":[\"Hidden\"],\"inLanguage\":\"fr-FR\",\"potentialAction\":[{\"@type\":\"CommentAction\",\"name\":\"Comment\",\"target\":[\"https:\/\/thelabcareer.com\/4a897db0-e5f3-4989-9082-b44be6223187\/#respond\"]}]},{\"@type\":\"WebPage\",\"@id\":\"https:\/\/thelabcareer.com\/4a897db0-e5f3-4989-9082-b44be6223187\/\",\"url\":\"https:\/\/thelabcareer.com\/4a897db0-e5f3-4989-9082-b44be6223187\/\",\"name\":\"Auxiliares de Almac\u00e9n y Cajera: Jornada Lunes a Viernes y Descanso Fijo - The Lab Career\",\"isPartOf\":{\"@id\":\"https:\/\/thelabcareer.com\/#website\"},\"datePublished\":\"2026-04-18T02:10:00+00:00\",\"dateModified\":\"2026-04-18T02:10:46+00:00\",\"breadcrumb\":{\"@id\":\"https:\/\/thelabcareer.com\/4a897db0-e5f3-4989-9082-b44be6223187\/#breadcrumb\"},\"inLanguage\":\"fr-FR\",\"potentialAction\":[{\"@type\":\"ReadAction\",\"target\":[\"https:\/\/thelabcareer.com\/4a897db0-e5f3-4989-9082-b44be6223187\/\"]}]},{\"@type\":\"BreadcrumbList\",\"@id\":\"https:\/\/thelabcareer.com\/4a897db0-e5f3-4989-9082-b44be6223187\/#breadcrumb\",\"itemListElement\":[{\"@type\":\"ListItem\",\"position\":1,\"name\":\"Home\",\"item\":\"https:\/\/thelabcareer.com\/\"},{\"@type\":\"ListItem\",\"position\":2,\"name\":\"Auxiliares de Almac\u00e9n y Cajera: Jornada Lunes a Viernes y Descanso Fijo\"}]},{\"@type\":\"WebSite\",\"@id\":\"https:\/\/thelabcareer.com\/#website\",\"url\":\"https:\/\/thelabcareer.com\/\",\"name\":\"The Lab Career\",\"description\":\"\",\"publisher\":{\"@id\":\"https:\/\/thelabcareer.com\/#organization\"},\"potentialAction\":[{\"@type\":\"SearchAction\",\"target\":{\"@type\":\"EntryPoint\",\"urlTemplate\":\"https:\/\/thelabcareer.com\/?s={search_term_string}\"},\"query-input\":\"required name=search_term_string\"}],\"inLanguage\":\"fr-FR\"},{\"@type\":\"Organization\",\"@id\":\"https:\/\/thelabcareer.com\/#organization\",\"name\":\"The Lab Career\",\"url\":\"https:\/\/thelabcareer.com\/\",\"logo\":{\"@type\":\"ImageObject\",\"inLanguage\":\"fr-FR\",\"@id\":\"https:\/\/thelabcareer.com\/#\/schema\/logo\/image\/\",\"url\":\"https:\/\/thelabcareer.com\/wp-content\/uploads\/sites\/471\/2025\/12\/cropped-cropped-cropped-thelabcareer-logo.png\",\"contentUrl\":\"https:\/\/thelabcareer.com\/wp-content\/uploads\/sites\/471\/2025\/12\/cropped-cropped-cropped-thelabcareer-logo.png\",\"width\":255,\"height\":364,\"caption\":\"The Lab Career\"},\"image\":{\"@id\":\"https:\/\/thelabcareer.com\/#\/schema\/logo\/image\/\"}},{\"@type\":\"Person\",\"@id\":\"https:\/\/thelabcareer.com\/#\/schema\/person\/d52888235fd6563bd07d97185d6a61e4\",\"name\":\"Bruno Gianni\",\"image\":{\"@type\":\"ImageObject\",\"inLanguage\":\"fr-FR\",\"@id\":\"https:\/\/thelabcareer.com\/#\/schema\/person\/image\/\",\"url\":\"https:\/\/secure.gravatar.com\/avatar\/0f5d42d7bf77874643c1478932860e3f?s=96&d=mm&r=g\",\"contentUrl\":\"https:\/\/secure.gravatar.com\/avatar\/0f5d42d7bf77874643c1478932860e3f?s=96&d=mm&r=g\",\"caption\":\"Bruno Gianni\"},\"description\":\"Bruno writes the way he lives, with curiosity, care, and respect for people. He likes to observe, listen, and try to understand what is happening on the other side before putting any words on the page.For him, writing is not about impressing, but about getting closer. It is about turning thoughts into something simple, clear, and real. Every text is an ongoing conversation, created with care and honesty, with the sincere intention of touching someone, somewhere along the way.\",\"url\":\"https:\/\/thelabcareer.com\/fr\/author\/bcgianni\/\"}]}<\/script>\n<!-- \/ Yoast SEO plugin. -->","yoast_head_json":{"title":"Auxiliares de Almac\u00e9n y Cajera: Jornada Lunes a Viernes y Descanso Fijo - The Lab Career","robots":{"index":"index","follow":"follow","max-snippet":"max-snippet:-1","max-image-preview":"max-image-preview:large","max-video-preview":"max-video-preview:-1"},"canonical":"https:\/\/thelabcareer.com\/fr\/4a897db0-e5f3-4989-9082-b44be6223187\/","og_locale":"fr_FR","og_type":"article","og_title":"Auxiliares de Almac\u00e9n y Cajera: Jornada Lunes a Viernes y Descanso Fijo - The Lab Career","og_description":"Vacante para auxiliares de almac\u00e9n y cajera con horario corrido, descanso sabatino y dominical, opci\u00f3n sin experiencia y ambiente estable. \u00a1Conoce los detalles aqu\u00ed!","og_url":"https:\/\/thelabcareer.com\/fr\/4a897db0-e5f3-4989-9082-b44be6223187\/","og_site_name":"The Lab Career","article_published_time":"2026-04-18T02:10:00+00:00","article_modified_time":"2026-04-18T02:10:46+00:00","author":"Bruno Gianni","twitter_card":"summary_large_image","twitter_misc":{"Written by":"Bruno Gianni","Est. reading time":"2 minutes"},"schema":{"@context":"https:\/\/schema.org","@graph":[{"@type":"Article","@id":"https:\/\/thelabcareer.com\/4a897db0-e5f3-4989-9082-b44be6223187\/#article","isPartOf":{"@id":"https:\/\/thelabcareer.com\/4a897db0-e5f3-4989-9082-b44be6223187\/"},"author":{"name":"Bruno Gianni","@id":"https:\/\/thelabcareer.com\/#\/schema\/person\/d52888235fd6563bd07d97185d6a61e4"},"headline":"Auxiliares de Almac\u00e9n y Cajera: Jornada Lunes a Viernes y Descanso Fijo","datePublished":"2026-04-18T02:10:00+00:00","dateModified":"2026-04-18T02:10:46+00:00","mainEntityOfPage":{"@id":"https:\/\/thelabcareer.com\/4a897db0-e5f3-4989-9082-b44be6223187\/"},"wordCount":364,"commentCount":0,"publisher":{"@id":"https:\/\/thelabcareer.com\/#organization"},"articleSection":["Hidden"],"inLanguage":"fr-FR","potentialAction":[{"@type":"CommentAction","name":"Comment","target":["https:\/\/thelabcareer.com\/4a897db0-e5f3-4989-9082-b44be6223187\/#respond"]}]},{"@type":"WebPage","@id":"https:\/\/thelabcareer.com\/4a897db0-e5f3-4989-9082-b44be6223187\/","url":"https:\/\/thelabcareer.com\/4a897db0-e5f3-4989-9082-b44be6223187\/","name":"Auxiliares de Almac\u00e9n y Cajera: Jornada Lunes a Viernes y Descanso Fijo - The Lab Career","isPartOf":{"@id":"https:\/\/thelabcareer.com\/#website"},"datePublished":"2026-04-18T02:10:00+00:00","dateModified":"2026-04-18T02:10:46+00:00","breadcrumb":{"@id":"https:\/\/thelabcareer.com\/4a897db0-e5f3-4989-9082-b44be6223187\/#breadcrumb"},"inLanguage":"fr-FR","potentialAction":[{"@type":"ReadAction","target":["https:\/\/thelabcareer.com\/4a897db0-e5f3-4989-9082-b44be6223187\/"]}]},{"@type":"BreadcrumbList","@id":"https:\/\/thelabcareer.com\/4a897db0-e5f3-4989-9082-b44be6223187\/#breadcrumb","itemListElement":[{"@type":"ListItem","position":1,"name":"Home","item":"https:\/\/thelabcareer.com\/"},{"@type":"ListItem","position":2,"name":"Auxiliares de Almac\u00e9n y Cajera: Jornada Lunes a Viernes y Descanso Fijo"}]},{"@type":"WebSite","@id":"https:\/\/thelabcareer.com\/#website","url":"https:\/\/thelabcareer.com\/","name":"The Lab Career","description":"","publisher":{"@id":"https:\/\/thelabcareer.com\/#organization"},"potentialAction":[{"@type":"SearchAction","target":{"@type":"EntryPoint","urlTemplate":"https:\/\/thelabcareer.com\/?s={search_term_string}"},"query-input":"required name=search_term_string"}],"inLanguage":"fr-FR"},{"@type":"Organization","@id":"https:\/\/thelabcareer.com\/#organization","name":"The Lab Career","url":"https:\/\/thelabcareer.com\/","logo":{"@type":"ImageObject","inLanguage":"fr-FR","@id":"https:\/\/thelabcareer.com\/#\/schema\/logo\/image\/","url":"https:\/\/thelabcareer.com\/wp-content\/uploads\/sites\/471\/2025\/12\/cropped-cropped-cropped-thelabcareer-logo.png","contentUrl":"https:\/\/thelabcareer.com\/wp-content\/uploads\/sites\/471\/2025\/12\/cropped-cropped-cropped-thelabcareer-logo.png","width":255,"height":364,"caption":"The Lab Career"},"image":{"@id":"https:\/\/thelabcareer.com\/#\/schema\/logo\/image\/"}},{"@type":"Person","@id":"https:\/\/thelabcareer.com\/#\/schema\/person\/d52888235fd6563bd07d97185d6a61e4","name":"Bruno Gianni","image":{"@type":"ImageObject","inLanguage":"fr-FR","@id":"https:\/\/thelabcareer.com\/#\/schema\/person\/image\/","url":"https:\/\/secure.gravatar.com\/avatar\/0f5d42d7bf77874643c1478932860e3f?s=96&d=mm&r=g","contentUrl":"https:\/\/secure.gravatar.com\/avatar\/0f5d42d7bf77874643c1478932860e3f?s=96&d=mm&r=g","caption":"Bruno Gianni"},"description":"Bruno writes the way he lives, with curiosity, care, and respect for people. He likes to observe, listen, and try to understand what is happening on the other side before putting any words on the page.For him, writing is not about impressing, but about getting closer. It is about turning thoughts into something simple, clear, and real. Every text is an ongoing conversation, created with care and honesty, with the sincere intention of touching someone, somewhere along the way.","url":"https:\/\/thelabcareer.com\/fr\/author\/bcgianni\/"}]}},"uagb_featured_image_src":{"full":false,"thumbnail":false,"medium":false,"medium_large":false,"large":false,"1536x1536":false,"2048x2048":false,"trp-custom-language-flag":false},"uagb_author_info":{"display_name":"Bruno Gianni","author_link":"https:\/\/thelabcareer.com\/fr\/author\/bcgianni\/"},"uagb_comment_info":0,"uagb_excerpt":"Vacante para auxiliares de almac\u00e9n y cajera con horario corrido, descanso sabatino y dominical, opci\u00f3n sin experiencia y ambiente estable. \u00a1Conoce los detalles aqu\u00ed!","_links":{"self":[{"href":"https:\/\/thelabcareer.com\/fr\/wp-json\/wp\/v2\/posts\/12662"}],"collection":[{"href":"https:\/\/thelabcareer.com\/fr\/wp-json\/wp\/v2\/posts"}],"about":[{"href":"https:\/\/thelabcareer.com\/fr\/wp-json\/wp\/v2\/types\/post"}],"author":[{"embeddable":true,"href":"https:\/\/thelabcareer.com\/fr\/wp-json\/wp\/v2\/users\/3"}],"replies":[{"embeddable":true,"href":"https:\/\/thelabcareer.com\/fr\/wp-json\/wp\/v2\/comments?post=12662"}],"version-history":[{"count":1,"href":"https:\/\/thelabcareer.com\/fr\/wp-json\/wp\/v2\/posts\/12662\/revisions"}],"predecessor-version":[{"id":12669,"href":"https:\/\/thelabcareer.com\/fr\/wp-json\/wp\/v2\/posts\/12662\/revisions\/12669"}],"wp:attachment":[{"href":"https:\/\/thelabcareer.com\/fr\/wp-json\/wp\/v2\/media?parent=12662"}],"wp:term":[{"taxonomy":"category","embeddable":true,"href":"https:\/\/thelabcareer.com\/fr\/wp-json\/wp\/v2\/categories?post=12662"},{"taxonomy":"post_tag","embeddable":true,"href":"https:\/\/thelabcareer.com\/fr\/wp-json\/wp\/v2\/tags?post=12662"}],"curies":[{"name":"wp","href":"https:\/\/api.w.org\/{rel}","templated":true}]}}