{"id":12530,"date":"2026-04-17T15:13:00","date_gmt":"2026-04-17T15:13:00","guid":{"rendered":"https:\/\/thelabcareer.com\/c30c93c3-252b-4231-9adc-3266ac38e02c\/"},"modified":"2026-04-17T15:13:43","modified_gmt":"2026-04-17T15:13:43","slug":"c30c93c3-252b-4231-9adc-3266ac38e02c","status":"publish","type":"post","link":"https:\/\/thelabcareer.com\/fr\/c30c93c3-252b-4231-9adc-3266ac38e02c\/","title":{"rendered":"Analista de Competitividad \u00e1rea Log\u00edstica y Energ\u00eda: Lo m\u00e1s destacado del puesto"},"content":{"rendered":"<\/p>\n<\/p>\n<div style=\"background: #ffffff; border-radius: 12px; box-shadow: 0 10px 30px rgba(0, 0, 0, 0.1); width: 100%; max-width: 340px; padding: 25px; transition: transform 0.3s ease-in-out; overflow: visible; display: flex; flex-direction: column; position: relative; border: 1px solid #28a745; margin-top: 70px; margin-bottom: 50px; margin-left: auto; margin-right: auto;\">\n<div style=\"position: absolute; top: -35px; right: 15px; color: #28a745; padding: 5px 10px; border-radius: 6px; font-size: 14px; font-weight: bold; display: flex; align-items: center; z-index: 10;\">Recommand\u00e9 pour toi<\/div>\n<div data-namespace-header=\"\" style=\"\">\n<h3 data-namespace-title=\"\" style=\"color: #333; font-size: 20px; font-weight: bold; text-align: left; margin-right: 50px; min-height: 50px; margin-top: 0px;\">Analista de Competitividad Log\u00edstica<\/h3>\n<\/p><\/div>\n<p data-namespace-prompt=\"\" style=\"font-size: 16px; color: #666; margin-bottom: 20px; line-height: 1.5; flex-grow: 1; text-align: left; margin-top: 0px;\">Analiza procesos log\u00edsticos y de comercio exterior, domina datos y reportes, atenci\u00f3n a empresas exportadoras. Imprescindible ingl\u00e9s avanzado y herramientas anal\u00edticas.<\/p>\n<p>    <a data-namespace-url=\"\" href=\"https:\/\/thelabcareer.com\/fr\/redirect\/?https:\/\/jobs.export.com.gt\/jobs\/589740-analista-de-competitividad-area-logistica-y-energia?utm_campaign=google_jobs_apply&#038;utm_source=google_jobs_apply&#038;utm_medium=organic\" style=\"width: 100%; display: inline-block; color: white; text-decoration: none; border-radius: 6px; font-size: 16px; font-weight: bold; text-align: center; transition: transform 0.3s ease, background 0.3s ease; margin-top: auto;\" data-namespace-id=\"5c0d2565-3ba9-4280-a382-ad2a691e2285\"><br \/>\n        <button style=\"width: 100%; height: 55px; background: #e9e9ed; border: 1px solid black; color: black;\">Postulaire \u00e0 l&#039;emploi<\/button><br \/>\n    <\/a><br \/>\n    <small style=\"margin-top: 10px; color: #777; font-size: 12px; text-align: center; display: block;\">Ser\u00e1s redirigido a otro sitio<\/small>\n<\/div>\n<p>El puesto de Analista de Competitividad en Log\u00edstica y Energ\u00eda es una excelente opci\u00f3n para quienes buscan impactar directamente el sector exportador nacional. No se ha divulgado informaci\u00f3n de salario ni condiciones extras, pero ofrece un ambiente de an\u00e1lisis t\u00e9cnico y oportunidad profesional.<\/p>\n<p>El trabajo se orienta a quienes tienen experiencia y formaci\u00f3n universitaria relevante. Debes saber ingl\u00e9s avanzado y manejar herramientas anal\u00edticas, lo que agrega un alto valor profesional al puesto.<\/p>\n<h2>Responsabilidades y flujo diario<\/h2>\n<p>Las tareas del d\u00eda a d\u00eda incluyen analizar procesos log\u00edsticos, desarrollar informes t\u00e9cnicos y brindar insumos estrat\u00e9gicos a empresas exportadoras.<\/p>\n<p>Tambi\u00e9n implica monitorear datos relevantes para la competitividad del sector y atender consultas de empresas.<\/p>\n<p>Adem\u00e1s, es fundamental coordinar y dar seguimiento a casos vinculados a la cadena log\u00edstica internacional.<\/p>\n<p>La productividad y la mejora de procesos ser\u00e1n claves en tu desarrollo profesional en este cargo.<\/p>\n<p>Saber trabajar con datos y plataformas anal\u00edticas es esencial para destacar.<\/p>\n<h2>Principales caract\u00e9ristiques<\/h2>\n<p>Uno de los puntos fuertes de este puesto es la oportunidad de estar en contacto directo con empresas exportadoras, lo que permite ampliar tu red profesional.<\/p>\n<p>Adem\u00e1s, ofrece el reto constante de mejorar procesos log\u00edsticos, importante para el desarrollo profesional en comercio internacional.<\/p>\n<p>El cargo abarca tanto el \u00e1rea log\u00edstica como energ\u00eda, lo que agrega variedad y especializaci\u00f3n t\u00e9cnica en el d\u00eda a d\u00eda laboral.<\/p>\n<p>El ambiente desafiante fomenta el desarrollo de habilidades anal\u00edticas y de negociaci\u00f3n.<\/p>\n<p>Participar\u00e1s en el fortalecimiento del sector exportador del pa\u00eds, contribuyendo a su competitividad.<\/p>\n<h2>Desventajas a considerar<\/h2>\n<p>Una posible desventaja es la exigencia de un nivel avanzado de ingl\u00e9s y manejo de datos, lo que podr\u00eda representar una curva de aprendizaje para algunos.<\/p>\n<p>El ritmo puede resultar intenso durante per\u00edodos altos de exportaci\u00f3n, exigiendo organizaci\u00f3n y atenci\u00f3n continua a detalles.<\/p>\n<p>Las responsabilidades suelen ser variadas, y necesitar\u00e1s habilidades constantes de adaptaci\u00f3n a cambios en el sector log\u00edstico.<\/p>\n<p>La falta de informaci\u00f3n sobre salario o beneficios puede ser un reto para quienes buscan certezas desde el inicio.<\/p>\n<p>Finalmente, la competencia puede ser fuerte, pues buscan perfiles bien calificados y con experiencia t\u00e9cnica.<\/p>\n<h2>Mon veredicto<\/h2>\n<p>Considero este puesto como una fuerte oportunidad de carrera para quienes desean especializarse en log\u00edstica, an\u00e1lisis de datos y comercio internacional.<\/p>\n<p>Est\u00e1 orientado a personas con capacidad anal\u00edtica, dominio del ingl\u00e9s y ambici\u00f3n de crecer junto al sector exportador, aunque probablemente el proceso de selecci\u00f3n ser\u00e1 exigente.<\/p>\n<div style=\"background: #ffffff; border-radius: 12px; box-shadow: 0 10px 30px rgba(0, 0, 0, 0.1); width: 100%; max-width: 340px; padding: 25px; transition: transform 0.3s ease-in-out; overflow: visible; display: flex; flex-direction: column; position: relative; border: 1px solid #28a745; margin-top: 70px; margin-bottom: 50px; margin-left: auto; margin-right: auto;\">\n<div style=\"position: absolute; top: -35px; right: 15px; color: #28a745; padding: 5px 10px; border-radius: 6px; font-size: 14px; font-weight: bold; display: flex; align-items: center; z-index: 10;\">Recommand\u00e9 pour toi<\/div>\n<div data-namespace-header=\"\" style=\"\">\n<h3 data-namespace-title=\"\" style=\"color: #333; font-size: 20px; font-weight: bold; text-align: left; margin-right: 50px; min-height: 50px; margin-top: 0px;\">Analista de Competitividad Log\u00edstica<\/h3>\n<\/p><\/div>\n<p data-namespace-prompt=\"\" style=\"font-size: 16px; color: #666; margin-bottom: 20px; line-height: 1.5; flex-grow: 1; text-align: left; margin-top: 0px;\">Analiza procesos log\u00edsticos y de comercio exterior, domina datos y reportes, atenci\u00f3n a empresas exportadoras. Imprescindible ingl\u00e9s avanzado y herramientas anal\u00edticas.<\/p>\n<p>    <a data-namespace-url=\"\" href=\"https:\/\/thelabcareer.com\/fr\/redirect\/?https:\/\/jobs.export.com.gt\/jobs\/589740-analista-de-competitividad-area-logistica-y-energia?utm_campaign=google_jobs_apply&#038;utm_source=google_jobs_apply&#038;utm_medium=organic\" style=\"width: 100%; display: inline-block; color: white; text-decoration: none; border-radius: 6px; font-size: 16px; font-weight: bold; text-align: center; transition: transform 0.3s ease, background 0.3s ease; margin-top: auto;\" data-namespace-id=\"5c0d2565-3ba9-4280-a382-ad2a691e2285\"><br \/>\n        <button style=\"width: 100%; height: 55px; background: #e9e9ed; border: 1px solid black; color: black;\">Postulaire \u00e0 l&#039;emploi<\/button><br \/>\n    <\/a><br \/>\n    <small style=\"margin-top: 10px; color: #777; font-size: 12px; text-align: center; display: block;\">Ser\u00e1s redirigido a otro sitio<\/small>\n<\/div>","protected":false},"excerpt":{"rendered":"<p>Vacante de Analista de Competitividad \u00e1rea Log\u00edstica y Energ\u00eda para quienes dominan procesos log\u00edsticos, an\u00e1lisis de datos y buscan crecer en el sector exportador con ingl\u00e9s avanzado.<\/p>","protected":false},"author":3,"featured_media":0,"comment_status":"open","ping_status":"open","sticky":false,"template":"","format":"standard","meta":{"_uag_custom_page_level_css":"","site-sidebar-layout":"default","site-content-layout":"","ast-site-content-layout":"","site-content-style":"default","site-sidebar-style":"default","ast-global-header-display":"","ast-banner-title-visibility":"","ast-main-header-display":"","ast-hfb-above-header-display":"","ast-hfb-below-header-display":"","ast-hfb-mobile-header-display":"","site-post-title":"","ast-breadcrumbs-content":"","ast-featured-img":"","footer-sml-layout":"","theme-transparent-header-meta":"","adv-header-id-meta":"","stick-header-meta":"","header-above-stick-meta":"","header-main-stick-meta":"","header-below-stick-meta":"","astra-migrate-meta-layouts":"default","ast-page-background-enabled":"default","ast-page-background-meta":{"desktop":{"background-color":"var(--ast-global-color-4)","background-image":"","background-repeat":"repeat","background-position":"center center","background-size":"auto","background-attachment":"scroll","background-type":"","background-media":"","overlay-type":"","overlay-color":"","overlay-opacity":"","overlay-gradient":""},"tablet":{"background-color":"","background-image":"","background-repeat":"repeat","background-position":"center center","background-size":"auto","background-attachment":"scroll","background-type":"","background-media":"","overlay-type":"","overlay-color":"","overlay-opacity":"","overlay-gradient":""},"mobile":{"background-color":"","background-image":"","background-repeat":"repeat","background-position":"center center","background-size":"auto","background-attachment":"scroll","background-type":"","background-media":"","overlay-type":"","overlay-color":"","overlay-opacity":"","overlay-gradient":""}},"ast-content-background-meta":{"desktop":{"background-color":"var(--ast-global-color-5)","background-image":"","background-repeat":"repeat","background-position":"center center","background-size":"auto","background-attachment":"scroll","background-type":"","background-media":"","overlay-type":"","overlay-color":"","overlay-opacity":"","overlay-gradient":""},"tablet":{"background-color":"var(--ast-global-color-5)","background-image":"","background-repeat":"repeat","background-position":"center center","background-size":"auto","background-attachment":"scroll","background-type":"","background-media":"","overlay-type":"","overlay-color":"","overlay-opacity":"","overlay-gradient":""},"mobile":{"background-color":"var(--ast-global-color-5)","background-image":"","background-repeat":"repeat","background-position":"center center","background-size":"auto","background-attachment":"scroll","background-type":"","background-media":"","overlay-type":"","overlay-color":"","overlay-opacity":"","overlay-gradient":""}},"footnotes":""},"categories":[10],"tags":[],"yoast_head":"<!-- This site is optimized with the Yoast SEO plugin v23.3 - https:\/\/yoast.com\/wordpress\/plugins\/seo\/ -->\n<title>Analista de Competitividad \u00e1rea Log\u00edstica y Energ\u00eda: Lo m\u00e1s destacado del puesto - The Lab Career<\/title>\n<meta name=\"robots\" content=\"index, follow, max-snippet:-1, max-image-preview:large, max-video-preview:-1\" \/>\n<link rel=\"canonical\" href=\"https:\/\/thelabcareer.com\/fr\/c30c93c3-252b-4231-9adc-3266ac38e02c\/\" \/>\n<meta property=\"og:locale\" content=\"fr_FR\" \/>\n<meta property=\"og:type\" content=\"article\" \/>\n<meta property=\"og:title\" content=\"Analista de Competitividad \u00e1rea Log\u00edstica y Energ\u00eda: Lo m\u00e1s destacado del puesto - The Lab Career\" \/>\n<meta property=\"og:description\" content=\"Vacante de Analista de Competitividad \u00e1rea Log\u00edstica y Energ\u00eda para quienes dominan procesos log\u00edsticos, an\u00e1lisis de datos y buscan crecer en el sector exportador con ingl\u00e9s avanzado.\" \/>\n<meta property=\"og:url\" content=\"https:\/\/thelabcareer.com\/fr\/c30c93c3-252b-4231-9adc-3266ac38e02c\/\" \/>\n<meta property=\"og:site_name\" content=\"The Lab Career\" \/>\n<meta property=\"article:published_time\" content=\"2026-04-17T15:13:00+00:00\" \/>\n<meta property=\"article:modified_time\" content=\"2026-04-17T15:13:43+00:00\" \/>\n<meta name=\"author\" content=\"Bruno Gianni\" \/>\n<meta name=\"twitter:card\" content=\"summary_large_image\" \/>\n<meta name=\"twitter:label1\" content=\"Written by\" \/>\n\t<meta name=\"twitter:data1\" content=\"Bruno Gianni\" \/>\n\t<meta name=\"twitter:label2\" content=\"Est. reading time\" \/>\n\t<meta name=\"twitter:data2\" content=\"3 minutes\" \/>\n<script type=\"application\/ld+json\" class=\"yoast-schema-graph\">{\"@context\":\"https:\/\/schema.org\",\"@graph\":[{\"@type\":\"Article\",\"@id\":\"https:\/\/thelabcareer.com\/c30c93c3-252b-4231-9adc-3266ac38e02c\/#article\",\"isPartOf\":{\"@id\":\"https:\/\/thelabcareer.com\/c30c93c3-252b-4231-9adc-3266ac38e02c\/\"},\"author\":{\"name\":\"Bruno Gianni\",\"@id\":\"https:\/\/thelabcareer.com\/#\/schema\/person\/d52888235fd6563bd07d97185d6a61e4\"},\"headline\":\"Analista de Competitividad \u00e1rea Log\u00edstica y Energ\u00eda: Lo m\u00e1s destacado del puesto\",\"datePublished\":\"2026-04-17T15:13:00+00:00\",\"dateModified\":\"2026-04-17T15:13:43+00:00\",\"mainEntityOfPage\":{\"@id\":\"https:\/\/thelabcareer.com\/c30c93c3-252b-4231-9adc-3266ac38e02c\/\"},\"wordCount\":538,\"commentCount\":0,\"publisher\":{\"@id\":\"https:\/\/thelabcareer.com\/#organization\"},\"articleSection\":[\"Hidden\"],\"inLanguage\":\"fr-FR\",\"potentialAction\":[{\"@type\":\"CommentAction\",\"name\":\"Comment\",\"target\":[\"https:\/\/thelabcareer.com\/c30c93c3-252b-4231-9adc-3266ac38e02c\/#respond\"]}]},{\"@type\":\"WebPage\",\"@id\":\"https:\/\/thelabcareer.com\/c30c93c3-252b-4231-9adc-3266ac38e02c\/\",\"url\":\"https:\/\/thelabcareer.com\/c30c93c3-252b-4231-9adc-3266ac38e02c\/\",\"name\":\"Analista de Competitividad \u00e1rea Log\u00edstica y Energ\u00eda: Lo m\u00e1s destacado del puesto - The Lab Career\",\"isPartOf\":{\"@id\":\"https:\/\/thelabcareer.com\/#website\"},\"datePublished\":\"2026-04-17T15:13:00+00:00\",\"dateModified\":\"2026-04-17T15:13:43+00:00\",\"breadcrumb\":{\"@id\":\"https:\/\/thelabcareer.com\/c30c93c3-252b-4231-9adc-3266ac38e02c\/#breadcrumb\"},\"inLanguage\":\"fr-FR\",\"potentialAction\":[{\"@type\":\"ReadAction\",\"target\":[\"https:\/\/thelabcareer.com\/c30c93c3-252b-4231-9adc-3266ac38e02c\/\"]}]},{\"@type\":\"BreadcrumbList\",\"@id\":\"https:\/\/thelabcareer.com\/c30c93c3-252b-4231-9adc-3266ac38e02c\/#breadcrumb\",\"itemListElement\":[{\"@type\":\"ListItem\",\"position\":1,\"name\":\"Home\",\"item\":\"https:\/\/thelabcareer.com\/\"},{\"@type\":\"ListItem\",\"position\":2,\"name\":\"Analista de Competitividad \u00e1rea Log\u00edstica y Energ\u00eda: Lo m\u00e1s destacado del puesto\"}]},{\"@type\":\"WebSite\",\"@id\":\"https:\/\/thelabcareer.com\/#website\",\"url\":\"https:\/\/thelabcareer.com\/\",\"name\":\"The Lab Career\",\"description\":\"\",\"publisher\":{\"@id\":\"https:\/\/thelabcareer.com\/#organization\"},\"potentialAction\":[{\"@type\":\"SearchAction\",\"target\":{\"@type\":\"EntryPoint\",\"urlTemplate\":\"https:\/\/thelabcareer.com\/?s={search_term_string}\"},\"query-input\":\"required name=search_term_string\"}],\"inLanguage\":\"fr-FR\"},{\"@type\":\"Organization\",\"@id\":\"https:\/\/thelabcareer.com\/#organization\",\"name\":\"The Lab Career\",\"url\":\"https:\/\/thelabcareer.com\/\",\"logo\":{\"@type\":\"ImageObject\",\"inLanguage\":\"fr-FR\",\"@id\":\"https:\/\/thelabcareer.com\/#\/schema\/logo\/image\/\",\"url\":\"https:\/\/thelabcareer.com\/wp-content\/uploads\/sites\/471\/2025\/12\/cropped-cropped-cropped-thelabcareer-logo.png\",\"contentUrl\":\"https:\/\/thelabcareer.com\/wp-content\/uploads\/sites\/471\/2025\/12\/cropped-cropped-cropped-thelabcareer-logo.png\",\"width\":255,\"height\":364,\"caption\":\"The Lab Career\"},\"image\":{\"@id\":\"https:\/\/thelabcareer.com\/#\/schema\/logo\/image\/\"}},{\"@type\":\"Person\",\"@id\":\"https:\/\/thelabcareer.com\/#\/schema\/person\/d52888235fd6563bd07d97185d6a61e4\",\"name\":\"Bruno Gianni\",\"image\":{\"@type\":\"ImageObject\",\"inLanguage\":\"fr-FR\",\"@id\":\"https:\/\/thelabcareer.com\/#\/schema\/person\/image\/\",\"url\":\"https:\/\/secure.gravatar.com\/avatar\/0f5d42d7bf77874643c1478932860e3f?s=96&d=mm&r=g\",\"contentUrl\":\"https:\/\/secure.gravatar.com\/avatar\/0f5d42d7bf77874643c1478932860e3f?s=96&d=mm&r=g\",\"caption\":\"Bruno Gianni\"},\"description\":\"Bruno writes the way he lives, with curiosity, care, and respect for people. He likes to observe, listen, and try to understand what is happening on the other side before putting any words on the page.For him, writing is not about impressing, but about getting closer. It is about turning thoughts into something simple, clear, and real. Every text is an ongoing conversation, created with care and honesty, with the sincere intention of touching someone, somewhere along the way.\",\"url\":\"https:\/\/thelabcareer.com\/fr\/author\/bcgianni\/\"}]}<\/script>\n<!-- \/ Yoast SEO plugin. -->","yoast_head_json":{"title":"Analista de Competitividad \u00e1rea Log\u00edstica y Energ\u00eda: Lo m\u00e1s destacado del puesto - The Lab Career","robots":{"index":"index","follow":"follow","max-snippet":"max-snippet:-1","max-image-preview":"max-image-preview:large","max-video-preview":"max-video-preview:-1"},"canonical":"https:\/\/thelabcareer.com\/fr\/c30c93c3-252b-4231-9adc-3266ac38e02c\/","og_locale":"fr_FR","og_type":"article","og_title":"Analista de Competitividad \u00e1rea Log\u00edstica y Energ\u00eda: Lo m\u00e1s destacado del puesto - The Lab Career","og_description":"Vacante de Analista de Competitividad \u00e1rea Log\u00edstica y Energ\u00eda para quienes dominan procesos log\u00edsticos, an\u00e1lisis de datos y buscan crecer en el sector exportador con ingl\u00e9s avanzado.","og_url":"https:\/\/thelabcareer.com\/fr\/c30c93c3-252b-4231-9adc-3266ac38e02c\/","og_site_name":"The Lab Career","article_published_time":"2026-04-17T15:13:00+00:00","article_modified_time":"2026-04-17T15:13:43+00:00","author":"Bruno Gianni","twitter_card":"summary_large_image","twitter_misc":{"Written by":"Bruno Gianni","Est. reading time":"3 minutes"},"schema":{"@context":"https:\/\/schema.org","@graph":[{"@type":"Article","@id":"https:\/\/thelabcareer.com\/c30c93c3-252b-4231-9adc-3266ac38e02c\/#article","isPartOf":{"@id":"https:\/\/thelabcareer.com\/c30c93c3-252b-4231-9adc-3266ac38e02c\/"},"author":{"name":"Bruno Gianni","@id":"https:\/\/thelabcareer.com\/#\/schema\/person\/d52888235fd6563bd07d97185d6a61e4"},"headline":"Analista de Competitividad \u00e1rea Log\u00edstica y Energ\u00eda: Lo m\u00e1s destacado del puesto","datePublished":"2026-04-17T15:13:00+00:00","dateModified":"2026-04-17T15:13:43+00:00","mainEntityOfPage":{"@id":"https:\/\/thelabcareer.com\/c30c93c3-252b-4231-9adc-3266ac38e02c\/"},"wordCount":538,"commentCount":0,"publisher":{"@id":"https:\/\/thelabcareer.com\/#organization"},"articleSection":["Hidden"],"inLanguage":"fr-FR","potentialAction":[{"@type":"CommentAction","name":"Comment","target":["https:\/\/thelabcareer.com\/c30c93c3-252b-4231-9adc-3266ac38e02c\/#respond"]}]},{"@type":"WebPage","@id":"https:\/\/thelabcareer.com\/c30c93c3-252b-4231-9adc-3266ac38e02c\/","url":"https:\/\/thelabcareer.com\/c30c93c3-252b-4231-9adc-3266ac38e02c\/","name":"Analista de Competitividad \u00e1rea Log\u00edstica y Energ\u00eda: Lo m\u00e1s destacado del puesto - The Lab Career","isPartOf":{"@id":"https:\/\/thelabcareer.com\/#website"},"datePublished":"2026-04-17T15:13:00+00:00","dateModified":"2026-04-17T15:13:43+00:00","breadcrumb":{"@id":"https:\/\/thelabcareer.com\/c30c93c3-252b-4231-9adc-3266ac38e02c\/#breadcrumb"},"inLanguage":"fr-FR","potentialAction":[{"@type":"ReadAction","target":["https:\/\/thelabcareer.com\/c30c93c3-252b-4231-9adc-3266ac38e02c\/"]}]},{"@type":"BreadcrumbList","@id":"https:\/\/thelabcareer.com\/c30c93c3-252b-4231-9adc-3266ac38e02c\/#breadcrumb","itemListElement":[{"@type":"ListItem","position":1,"name":"Home","item":"https:\/\/thelabcareer.com\/"},{"@type":"ListItem","position":2,"name":"Analista de Competitividad \u00e1rea Log\u00edstica y Energ\u00eda: Lo m\u00e1s destacado del puesto"}]},{"@type":"WebSite","@id":"https:\/\/thelabcareer.com\/#website","url":"https:\/\/thelabcareer.com\/","name":"The Lab Career","description":"","publisher":{"@id":"https:\/\/thelabcareer.com\/#organization"},"potentialAction":[{"@type":"SearchAction","target":{"@type":"EntryPoint","urlTemplate":"https:\/\/thelabcareer.com\/?s={search_term_string}"},"query-input":"required name=search_term_string"}],"inLanguage":"fr-FR"},{"@type":"Organization","@id":"https:\/\/thelabcareer.com\/#organization","name":"The Lab Career","url":"https:\/\/thelabcareer.com\/","logo":{"@type":"ImageObject","inLanguage":"fr-FR","@id":"https:\/\/thelabcareer.com\/#\/schema\/logo\/image\/","url":"https:\/\/thelabcareer.com\/wp-content\/uploads\/sites\/471\/2025\/12\/cropped-cropped-cropped-thelabcareer-logo.png","contentUrl":"https:\/\/thelabcareer.com\/wp-content\/uploads\/sites\/471\/2025\/12\/cropped-cropped-cropped-thelabcareer-logo.png","width":255,"height":364,"caption":"The Lab Career"},"image":{"@id":"https:\/\/thelabcareer.com\/#\/schema\/logo\/image\/"}},{"@type":"Person","@id":"https:\/\/thelabcareer.com\/#\/schema\/person\/d52888235fd6563bd07d97185d6a61e4","name":"Bruno Gianni","image":{"@type":"ImageObject","inLanguage":"fr-FR","@id":"https:\/\/thelabcareer.com\/#\/schema\/person\/image\/","url":"https:\/\/secure.gravatar.com\/avatar\/0f5d42d7bf77874643c1478932860e3f?s=96&d=mm&r=g","contentUrl":"https:\/\/secure.gravatar.com\/avatar\/0f5d42d7bf77874643c1478932860e3f?s=96&d=mm&r=g","caption":"Bruno Gianni"},"description":"Bruno writes the way he lives, with curiosity, care, and respect for people. He likes to observe, listen, and try to understand what is happening on the other side before putting any words on the page.For him, writing is not about impressing, but about getting closer. It is about turning thoughts into something simple, clear, and real. Every text is an ongoing conversation, created with care and honesty, with the sincere intention of touching someone, somewhere along the way.","url":"https:\/\/thelabcareer.com\/fr\/author\/bcgianni\/"}]}},"uagb_featured_image_src":{"full":false,"thumbnail":false,"medium":false,"medium_large":false,"large":false,"1536x1536":false,"2048x2048":false,"trp-custom-language-flag":false},"uagb_author_info":{"display_name":"Bruno Gianni","author_link":"https:\/\/thelabcareer.com\/fr\/author\/bcgianni\/"},"uagb_comment_info":0,"uagb_excerpt":"Vacante de Analista de Competitividad \u00e1rea Log\u00edstica y Energ\u00eda para quienes dominan procesos log\u00edsticos, an\u00e1lisis de datos y buscan crecer en el sector exportador con ingl\u00e9s avanzado.","_links":{"self":[{"href":"https:\/\/thelabcareer.com\/fr\/wp-json\/wp\/v2\/posts\/12530"}],"collection":[{"href":"https:\/\/thelabcareer.com\/fr\/wp-json\/wp\/v2\/posts"}],"about":[{"href":"https:\/\/thelabcareer.com\/fr\/wp-json\/wp\/v2\/types\/post"}],"author":[{"embeddable":true,"href":"https:\/\/thelabcareer.com\/fr\/wp-json\/wp\/v2\/users\/3"}],"replies":[{"embeddable":true,"href":"https:\/\/thelabcareer.com\/fr\/wp-json\/wp\/v2\/comments?post=12530"}],"version-history":[{"count":1,"href":"https:\/\/thelabcareer.com\/fr\/wp-json\/wp\/v2\/posts\/12530\/revisions"}],"predecessor-version":[{"id":12538,"href":"https:\/\/thelabcareer.com\/fr\/wp-json\/wp\/v2\/posts\/12530\/revisions\/12538"}],"wp:attachment":[{"href":"https:\/\/thelabcareer.com\/fr\/wp-json\/wp\/v2\/media?parent=12530"}],"wp:term":[{"taxonomy":"category","embeddable":true,"href":"https:\/\/thelabcareer.com\/fr\/wp-json\/wp\/v2\/categories?post=12530"},{"taxonomy":"post_tag","embeddable":true,"href":"https:\/\/thelabcareer.com\/fr\/wp-json\/wp\/v2\/tags?post=12530"}],"curies":[{"name":"wp","href":"https:\/\/api.w.org\/{rel}","templated":true}]}}