{"id":12469,"date":"2026-04-17T12:21:00","date_gmt":"2026-04-17T12:21:00","guid":{"rendered":"https:\/\/thelabcareer.com\/a7e4c311-a979-44e1-afeb-598aa17d3329\/"},"modified":"2026-04-17T12:21:21","modified_gmt":"2026-04-17T12:21:21","slug":"a7e4c311-a979-44e1-afeb-598aa17d3329","status":"publish","type":"post","link":"https:\/\/thelabcareer.com\/fr\/a7e4c311-a979-44e1-afeb-598aa17d3329\/","title":{"rendered":"Encargado de Recursos Humanos Regional: Salario competitivo y crecimiento profesional"},"content":{"rendered":"<\/p>\n<\/p>\n<div style=\"background: #ffffff; border-radius: 12px; box-shadow: 0 10px 30px rgba(0, 0, 0, 0.1); width: 100%; max-width: 340px; padding: 25px; transition: transform 0.3s ease-in-out; overflow: visible; display: flex; flex-direction: column; position: relative; border: 1px solid #28a745; margin-top: 70px; margin-bottom: 50px; margin-left: auto; margin-right: auto;\">\n<div style=\"position: absolute; top: -35px; right: 15px; color: #28a745; padding: 5px 10px; border-radius: 6px; font-size: 14px; font-weight: bold; display: flex; align-items: center; z-index: 10;\">Recommand\u00e9 pour toi<\/div>\n<div data-namespace-header=\"\" style=\"\">\n<h3 data-namespace-title=\"\" style=\"color: #333; font-size: 20px; font-weight: bold; text-align: left; margin-right: 50px; min-height: 50px; margin-top: 0px;\">Encargado de Recursos Humanos Regional<\/h3>\n<\/p><\/div>\n<p data-namespace-prompt=\"\" style=\"font-size: 16px; color: #666; margin-bottom: 20px; line-height: 1.5; flex-grow: 1; text-align: left; margin-top: 0px;\">Lidera el \u00e1rea de recursos humanos, recibe salario competitivo, prestaciones y oportunidades de desarrollo. Aplica si tienes experiencia s\u00f3lida y licenciatura af\u00edn.<\/p>\n<p>    <a data-namespace-url=\"\" href=\"https:\/\/thelabcareer.com\/fr\/redirect\/?https:\/\/transdoc.com\/trabajos\/justlink\/2026\/encargado-de-recursos-humanos-regional-zona-10\/675554\/0?utm_campaign=google_jobs_apply&#038;utm_source=google_jobs_apply&#038;utm_medium=organic\" style=\"width: 100%; display: inline-block; color: white; text-decoration: none; border-radius: 6px; font-size: 16px; font-weight: bold; text-align: center; transition: transform 0.3s ease, background 0.3s ease; margin-top: auto;\" data-namespace-id=\"5c0d2565-3ba9-4280-a382-ad2a691e2285\"><br \/>\n        <button style=\"width: 100%; height: 55px; background: #e9e9ed; border: 1px solid black; color: black;\">Postuler \u00e0 l&#039;emploi<\/button><br \/>\n    <\/a><br \/>\n    <small style=\"margin-top: 10px; color: #777; font-size: 12px; text-align: center; display: block;\">Ser\u00e1s redirigido a otro site web<\/small>\n<\/div>\n<h2>\u00bfQu\u00e9 ofrece esta posici\u00f3n?<\/h2>\n<p>El puesto de Encargado de Recursos Humanos Regional resalta por su salario fijo de Q12,000, contrataci\u00f3n inmediata y prestaciones de ley. El horario es de lunes a viernes, permitiendo equilibrio personal y profesional. <\/p>\n<p>Al postular a esta vacante, te beneficias de estabilidad, condiciones formales y un paquete que incentiva la atracci\u00f3n de talento con experiencia administrativa comprobada. <\/p>\n<p>El perfil busca candidatos que cuenten con licenciatura en Psicolog\u00eda Industrial, preferentemente con maestr\u00eda o especializaci\u00f3n. Adem\u00e1s, es clave poseer veh\u00edculo propio y pasaporte vigente.<\/p>\n<p>Adem\u00e1s de los beneficios, se consideran importantes la flexibilidad para viajar y capacidad de liderazgo en gesti\u00f3n de equipos.<\/p>\n<p>La empresa busca que quienes asuman este reto cuenten con experiencia en creaci\u00f3n o estructuraci\u00f3n de departamentos de recursos humanos y conocimientos actualizados en legislaci\u00f3n laboral.<\/p>\n<h2>Responsabilit\u00e9s et jour du jour du lieu<\/h2>\n<p>Entre las tareas clave, se encuentran implementar procesos en reclutamiento, planilla, clima organizacional y desarrollo del talento humano.<\/p>\n<p>Supervisar el cumplimiento de protocolos internos y aspectos de seguridad dentro de la organizaci\u00f3n, ser\u00e1 parte del d\u00eda a d\u00eda del Encargado de RRHH Regional.<\/p>\n<p>Adem\u00e1s, liderar\u00e1s actividades de evaluaci\u00f3n de desempe\u00f1o, capacitaci\u00f3n y fortalecimiento de la cultura organizacional con un enfoque regional.<\/p>\n<p>Coordinar\u00e1s equipos de trabajo, estructurando procedimientos y facilitando las mejores pr\u00e1cticas para la gesti\u00f3n eficiente de los recursos humanos.<\/p>\n<p>El manejo de sistemas ATS y plataformas digitales ser\u00e1n necesarios para garantizar procesos modernos y productivos.<\/p>\n<h2>Ventes principales de l&#039;emploi<\/h2>\n<p>Un salario atractivo y la estabilidad laboral destacan como ventajas clave de la posici\u00f3n ofrecida, asegurando tranquilidad y proyecci\u00f3n financiera.<\/p>\n<p>El horario fijo semanal y la contrataci\u00f3n inmediata permiten una r\u00e1pida incorporaci\u00f3n y estabilidad en la planificaci\u00f3n diaria.<\/p>\n<p>Las oportunidades de viajar dentro de la regi\u00f3n y compartir experiencias con equipos internacionales son un plus para quienes buscan crecimiento profesional.<\/p>\n<p>El respaldo de una empresa estructurada y el cumplimiento de prestaciones de ley generan confianza y seguridad al integrarse al equipo.<\/p>\n<h2>Puntos desfavorables a considerar<\/h2>\n<p>Es importante se\u00f1alar que se requiere experiencia m\u00ednima de 5 a\u00f1os en puestos similares, lo cual puede ser restrictivo para quienes inician en el \u00e1rea.<\/p>\n<p>Tambi\u00e9n es indispensable contar con veh\u00edculo propio y disponibilidad para viajar, aspectos que podr\u00edan limitar la postulaci\u00f3n para algunos profesionales.<\/p>\n<h2>Veredicto final<\/h2>\n<p>El empleo de Encargado de Recursos Humanos Regional es ideal para quienes buscan un reto profesional con excelente remuneraci\u00f3n y crecimiento, cumpliendo con los requisitos se\u00f1alados.<\/p>\n<\/p>\n<\/p>\n<div style=\"background: #ffffff; border-radius: 12px; box-shadow: 0 10px 30px rgba(0, 0, 0, 0.1); width: 100%; max-width: 340px; padding: 25px; transition: transform 0.3s ease-in-out; overflow: visible; display: flex; flex-direction: column; position: relative; border: 1px solid #28a745; margin-top: 70px; margin-bottom: 50px; margin-left: auto; margin-right: auto;\">\n<div style=\"position: absolute; top: -35px; right: 15px; color: #28a745; padding: 5px 10px; border-radius: 6px; font-size: 14px; font-weight: bold; display: flex; align-items: center; z-index: 10;\">Recommand\u00e9 pour toi<\/div>\n<div data-namespace-header=\"\" style=\"\">\n<h3 data-namespace-title=\"\" style=\"color: #333; font-size: 20px; font-weight: bold; text-align: left; margin-right: 50px; min-height: 50px; margin-top: 0px;\">Encargado de Recursos Humanos Regional<\/h3>\n<\/p><\/div>\n<p data-namespace-prompt=\"\" style=\"font-size: 16px; color: #666; margin-bottom: 20px; line-height: 1.5; flex-grow: 1; text-align: left; margin-top: 0px;\">Lidera el \u00e1rea de recursos humanos, recibe salario competitivo, prestaciones y oportunidades de desarrollo. Aplica si tienes experiencia s\u00f3lida y licenciatura af\u00edn.<\/p>\n<p>    <a data-namespace-url=\"\" href=\"https:\/\/thelabcareer.com\/fr\/redirect\/?https:\/\/transdoc.com\/trabajos\/justlink\/2026\/encargado-de-recursos-humanos-regional-zona-10\/675554\/0?utm_campaign=google_jobs_apply&#038;utm_source=google_jobs_apply&#038;utm_medium=organic\" style=\"width: 100%; display: inline-block; color: white; text-decoration: none; border-radius: 6px; font-size: 16px; font-weight: bold; text-align: center; transition: transform 0.3s ease, background 0.3s ease; margin-top: auto;\" data-namespace-id=\"5c0d2565-3ba9-4280-a382-ad2a691e2285\"><br \/>\n        <button style=\"width: 100%; height: 55px; background: #e9e9ed; border: 1px solid black; color: black;\">Postuler \u00e0 l&#039;emploi<\/button><br \/>\n    <\/a><br \/>\n    <small style=\"margin-top: 10px; color: #777; font-size: 12px; text-align: center; display: block;\">Ser\u00e1s redirigido a otro site web<\/small>\n<\/div>","protected":false},"excerpt":{"rendered":"<p>Vacante Encargado de Recursos Humanos Regional con salario atractivo, contrataci\u00f3n inmediata y excelentes oportunidades de crecimiento profesional. Postula si tienes experiencia y licenciatura en RRHH.<\/p>","protected":false},"author":3,"featured_media":0,"comment_status":"open","ping_status":"open","sticky":false,"template":"","format":"standard","meta":{"_uag_custom_page_level_css":"","site-sidebar-layout":"default","site-content-layout":"","ast-site-content-layout":"","site-content-style":"default","site-sidebar-style":"default","ast-global-header-display":"","ast-banner-title-visibility":"","ast-main-header-display":"","ast-hfb-above-header-display":"","ast-hfb-below-header-display":"","ast-hfb-mobile-header-display":"","site-post-title":"","ast-breadcrumbs-content":"","ast-featured-img":"","footer-sml-layout":"","theme-transparent-header-meta":"","adv-header-id-meta":"","stick-header-meta":"","header-above-stick-meta":"","header-main-stick-meta":"","header-below-stick-meta":"","astra-migrate-meta-layouts":"default","ast-page-background-enabled":"default","ast-page-background-meta":{"desktop":{"background-color":"var(--ast-global-color-4)","background-image":"","background-repeat":"repeat","background-position":"center center","background-size":"auto","background-attachment":"scroll","background-type":"","background-media":"","overlay-type":"","overlay-color":"","overlay-opacity":"","overlay-gradient":""},"tablet":{"background-color":"","background-image":"","background-repeat":"repeat","background-position":"center center","background-size":"auto","background-attachment":"scroll","background-type":"","background-media":"","overlay-type":"","overlay-color":"","overlay-opacity":"","overlay-gradient":""},"mobile":{"background-color":"","background-image":"","background-repeat":"repeat","background-position":"center center","background-size":"auto","background-attachment":"scroll","background-type":"","background-media":"","overlay-type":"","overlay-color":"","overlay-opacity":"","overlay-gradient":""}},"ast-content-background-meta":{"desktop":{"background-color":"var(--ast-global-color-5)","background-image":"","background-repeat":"repeat","background-position":"center center","background-size":"auto","background-attachment":"scroll","background-type":"","background-media":"","overlay-type":"","overlay-color":"","overlay-opacity":"","overlay-gradient":""},"tablet":{"background-color":"var(--ast-global-color-5)","background-image":"","background-repeat":"repeat","background-position":"center center","background-size":"auto","background-attachment":"scroll","background-type":"","background-media":"","overlay-type":"","overlay-color":"","overlay-opacity":"","overlay-gradient":""},"mobile":{"background-color":"var(--ast-global-color-5)","background-image":"","background-repeat":"repeat","background-position":"center center","background-size":"auto","background-attachment":"scroll","background-type":"","background-media":"","overlay-type":"","overlay-color":"","overlay-opacity":"","overlay-gradient":""}},"footnotes":""},"categories":[10],"tags":[],"yoast_head":"<!-- This site is optimized with the Yoast SEO plugin v23.3 - https:\/\/yoast.com\/wordpress\/plugins\/seo\/ -->\n<title>Encargado de Recursos Humanos Regional: Salario competitivo y crecimiento profesional - The Lab Career<\/title>\n<meta name=\"robots\" content=\"index, follow, max-snippet:-1, max-image-preview:large, max-video-preview:-1\" \/>\n<link rel=\"canonical\" href=\"https:\/\/thelabcareer.com\/fr\/a7e4c311-a979-44e1-afeb-598aa17d3329\/\" \/>\n<meta property=\"og:locale\" content=\"fr_FR\" \/>\n<meta property=\"og:type\" content=\"article\" \/>\n<meta property=\"og:title\" content=\"Encargado de Recursos Humanos Regional: Salario competitivo y crecimiento profesional - The Lab Career\" \/>\n<meta property=\"og:description\" content=\"Vacante Encargado de Recursos Humanos Regional con salario atractivo, contrataci\u00f3n inmediata y excelentes oportunidades de crecimiento profesional. Postula si tienes experiencia y licenciatura en RRHH.\" \/>\n<meta property=\"og:url\" content=\"https:\/\/thelabcareer.com\/fr\/a7e4c311-a979-44e1-afeb-598aa17d3329\/\" \/>\n<meta property=\"og:site_name\" content=\"The Lab Career\" \/>\n<meta property=\"article:published_time\" content=\"2026-04-17T12:21:00+00:00\" \/>\n<meta property=\"article:modified_time\" content=\"2026-04-17T12:21:21+00:00\" \/>\n<meta name=\"author\" content=\"Bruno Gianni\" \/>\n<meta name=\"twitter:card\" content=\"summary_large_image\" \/>\n<meta name=\"twitter:label1\" content=\"Written by\" \/>\n\t<meta name=\"twitter:data1\" content=\"Bruno Gianni\" \/>\n\t<meta name=\"twitter:label2\" content=\"Est. reading time\" \/>\n\t<meta name=\"twitter:data2\" content=\"3 minutes\" \/>\n<script type=\"application\/ld+json\" class=\"yoast-schema-graph\">{\"@context\":\"https:\/\/schema.org\",\"@graph\":[{\"@type\":\"Article\",\"@id\":\"https:\/\/thelabcareer.com\/a7e4c311-a979-44e1-afeb-598aa17d3329\/#article\",\"isPartOf\":{\"@id\":\"https:\/\/thelabcareer.com\/a7e4c311-a979-44e1-afeb-598aa17d3329\/\"},\"author\":{\"name\":\"Bruno Gianni\",\"@id\":\"https:\/\/thelabcareer.com\/#\/schema\/person\/d52888235fd6563bd07d97185d6a61e4\"},\"headline\":\"Encargado de Recursos Humanos Regional: Salario competitivo y crecimiento profesional\",\"datePublished\":\"2026-04-17T12:21:00+00:00\",\"dateModified\":\"2026-04-17T12:21:21+00:00\",\"mainEntityOfPage\":{\"@id\":\"https:\/\/thelabcareer.com\/a7e4c311-a979-44e1-afeb-598aa17d3329\/\"},\"wordCount\":532,\"commentCount\":0,\"publisher\":{\"@id\":\"https:\/\/thelabcareer.com\/#organization\"},\"articleSection\":[\"Hidden\"],\"inLanguage\":\"fr-FR\",\"potentialAction\":[{\"@type\":\"CommentAction\",\"name\":\"Comment\",\"target\":[\"https:\/\/thelabcareer.com\/a7e4c311-a979-44e1-afeb-598aa17d3329\/#respond\"]}]},{\"@type\":\"WebPage\",\"@id\":\"https:\/\/thelabcareer.com\/a7e4c311-a979-44e1-afeb-598aa17d3329\/\",\"url\":\"https:\/\/thelabcareer.com\/a7e4c311-a979-44e1-afeb-598aa17d3329\/\",\"name\":\"Encargado de Recursos Humanos Regional: Salario competitivo y crecimiento profesional - The Lab Career\",\"isPartOf\":{\"@id\":\"https:\/\/thelabcareer.com\/#website\"},\"datePublished\":\"2026-04-17T12:21:00+00:00\",\"dateModified\":\"2026-04-17T12:21:21+00:00\",\"breadcrumb\":{\"@id\":\"https:\/\/thelabcareer.com\/a7e4c311-a979-44e1-afeb-598aa17d3329\/#breadcrumb\"},\"inLanguage\":\"fr-FR\",\"potentialAction\":[{\"@type\":\"ReadAction\",\"target\":[\"https:\/\/thelabcareer.com\/a7e4c311-a979-44e1-afeb-598aa17d3329\/\"]}]},{\"@type\":\"BreadcrumbList\",\"@id\":\"https:\/\/thelabcareer.com\/a7e4c311-a979-44e1-afeb-598aa17d3329\/#breadcrumb\",\"itemListElement\":[{\"@type\":\"ListItem\",\"position\":1,\"name\":\"Home\",\"item\":\"https:\/\/thelabcareer.com\/\"},{\"@type\":\"ListItem\",\"position\":2,\"name\":\"Encargado de Recursos Humanos Regional: Salario competitivo y crecimiento profesional\"}]},{\"@type\":\"WebSite\",\"@id\":\"https:\/\/thelabcareer.com\/#website\",\"url\":\"https:\/\/thelabcareer.com\/\",\"name\":\"The Lab Career\",\"description\":\"\",\"publisher\":{\"@id\":\"https:\/\/thelabcareer.com\/#organization\"},\"potentialAction\":[{\"@type\":\"SearchAction\",\"target\":{\"@type\":\"EntryPoint\",\"urlTemplate\":\"https:\/\/thelabcareer.com\/?s={search_term_string}\"},\"query-input\":\"required name=search_term_string\"}],\"inLanguage\":\"fr-FR\"},{\"@type\":\"Organization\",\"@id\":\"https:\/\/thelabcareer.com\/#organization\",\"name\":\"The Lab Career\",\"url\":\"https:\/\/thelabcareer.com\/\",\"logo\":{\"@type\":\"ImageObject\",\"inLanguage\":\"fr-FR\",\"@id\":\"https:\/\/thelabcareer.com\/#\/schema\/logo\/image\/\",\"url\":\"https:\/\/thelabcareer.com\/wp-content\/uploads\/sites\/471\/2025\/12\/cropped-cropped-cropped-thelabcareer-logo.png\",\"contentUrl\":\"https:\/\/thelabcareer.com\/wp-content\/uploads\/sites\/471\/2025\/12\/cropped-cropped-cropped-thelabcareer-logo.png\",\"width\":255,\"height\":364,\"caption\":\"The Lab Career\"},\"image\":{\"@id\":\"https:\/\/thelabcareer.com\/#\/schema\/logo\/image\/\"}},{\"@type\":\"Person\",\"@id\":\"https:\/\/thelabcareer.com\/#\/schema\/person\/d52888235fd6563bd07d97185d6a61e4\",\"name\":\"Bruno Gianni\",\"image\":{\"@type\":\"ImageObject\",\"inLanguage\":\"fr-FR\",\"@id\":\"https:\/\/thelabcareer.com\/#\/schema\/person\/image\/\",\"url\":\"https:\/\/secure.gravatar.com\/avatar\/0f5d42d7bf77874643c1478932860e3f?s=96&d=mm&r=g\",\"contentUrl\":\"https:\/\/secure.gravatar.com\/avatar\/0f5d42d7bf77874643c1478932860e3f?s=96&d=mm&r=g\",\"caption\":\"Bruno Gianni\"},\"description\":\"Bruno writes the way he lives, with curiosity, care, and respect for people. He likes to observe, listen, and try to understand what is happening on the other side before putting any words on the page.For him, writing is not about impressing, but about getting closer. It is about turning thoughts into something simple, clear, and real. Every text is an ongoing conversation, created with care and honesty, with the sincere intention of touching someone, somewhere along the way.\",\"url\":\"https:\/\/thelabcareer.com\/fr\/author\/bcgianni\/\"}]}<\/script>\n<!-- \/ Yoast SEO plugin. -->","yoast_head_json":{"title":"Encargado de Recursos Humanos Regional: Salario competitivo y crecimiento profesional - The Lab Career","robots":{"index":"index","follow":"follow","max-snippet":"max-snippet:-1","max-image-preview":"max-image-preview:large","max-video-preview":"max-video-preview:-1"},"canonical":"https:\/\/thelabcareer.com\/fr\/a7e4c311-a979-44e1-afeb-598aa17d3329\/","og_locale":"fr_FR","og_type":"article","og_title":"Encargado de Recursos Humanos Regional: Salario competitivo y crecimiento profesional - The Lab Career","og_description":"Vacante Encargado de Recursos Humanos Regional con salario atractivo, contrataci\u00f3n inmediata y excelentes oportunidades de crecimiento profesional. Postula si tienes experiencia y licenciatura en RRHH.","og_url":"https:\/\/thelabcareer.com\/fr\/a7e4c311-a979-44e1-afeb-598aa17d3329\/","og_site_name":"The Lab Career","article_published_time":"2026-04-17T12:21:00+00:00","article_modified_time":"2026-04-17T12:21:21+00:00","author":"Bruno Gianni","twitter_card":"summary_large_image","twitter_misc":{"Written by":"Bruno Gianni","Est. reading time":"3 minutes"},"schema":{"@context":"https:\/\/schema.org","@graph":[{"@type":"Article","@id":"https:\/\/thelabcareer.com\/a7e4c311-a979-44e1-afeb-598aa17d3329\/#article","isPartOf":{"@id":"https:\/\/thelabcareer.com\/a7e4c311-a979-44e1-afeb-598aa17d3329\/"},"author":{"name":"Bruno Gianni","@id":"https:\/\/thelabcareer.com\/#\/schema\/person\/d52888235fd6563bd07d97185d6a61e4"},"headline":"Encargado de Recursos Humanos Regional: Salario competitivo y crecimiento profesional","datePublished":"2026-04-17T12:21:00+00:00","dateModified":"2026-04-17T12:21:21+00:00","mainEntityOfPage":{"@id":"https:\/\/thelabcareer.com\/a7e4c311-a979-44e1-afeb-598aa17d3329\/"},"wordCount":532,"commentCount":0,"publisher":{"@id":"https:\/\/thelabcareer.com\/#organization"},"articleSection":["Hidden"],"inLanguage":"fr-FR","potentialAction":[{"@type":"CommentAction","name":"Comment","target":["https:\/\/thelabcareer.com\/a7e4c311-a979-44e1-afeb-598aa17d3329\/#respond"]}]},{"@type":"WebPage","@id":"https:\/\/thelabcareer.com\/a7e4c311-a979-44e1-afeb-598aa17d3329\/","url":"https:\/\/thelabcareer.com\/a7e4c311-a979-44e1-afeb-598aa17d3329\/","name":"Encargado de Recursos Humanos Regional: Salario competitivo y crecimiento profesional - The Lab Career","isPartOf":{"@id":"https:\/\/thelabcareer.com\/#website"},"datePublished":"2026-04-17T12:21:00+00:00","dateModified":"2026-04-17T12:21:21+00:00","breadcrumb":{"@id":"https:\/\/thelabcareer.com\/a7e4c311-a979-44e1-afeb-598aa17d3329\/#breadcrumb"},"inLanguage":"fr-FR","potentialAction":[{"@type":"ReadAction","target":["https:\/\/thelabcareer.com\/a7e4c311-a979-44e1-afeb-598aa17d3329\/"]}]},{"@type":"BreadcrumbList","@id":"https:\/\/thelabcareer.com\/a7e4c311-a979-44e1-afeb-598aa17d3329\/#breadcrumb","itemListElement":[{"@type":"ListItem","position":1,"name":"Home","item":"https:\/\/thelabcareer.com\/"},{"@type":"ListItem","position":2,"name":"Encargado de Recursos Humanos Regional: Salario competitivo y crecimiento profesional"}]},{"@type":"WebSite","@id":"https:\/\/thelabcareer.com\/#website","url":"https:\/\/thelabcareer.com\/","name":"The Lab Career","description":"","publisher":{"@id":"https:\/\/thelabcareer.com\/#organization"},"potentialAction":[{"@type":"SearchAction","target":{"@type":"EntryPoint","urlTemplate":"https:\/\/thelabcareer.com\/?s={search_term_string}"},"query-input":"required name=search_term_string"}],"inLanguage":"fr-FR"},{"@type":"Organization","@id":"https:\/\/thelabcareer.com\/#organization","name":"The Lab Career","url":"https:\/\/thelabcareer.com\/","logo":{"@type":"ImageObject","inLanguage":"fr-FR","@id":"https:\/\/thelabcareer.com\/#\/schema\/logo\/image\/","url":"https:\/\/thelabcareer.com\/wp-content\/uploads\/sites\/471\/2025\/12\/cropped-cropped-cropped-thelabcareer-logo.png","contentUrl":"https:\/\/thelabcareer.com\/wp-content\/uploads\/sites\/471\/2025\/12\/cropped-cropped-cropped-thelabcareer-logo.png","width":255,"height":364,"caption":"The Lab Career"},"image":{"@id":"https:\/\/thelabcareer.com\/#\/schema\/logo\/image\/"}},{"@type":"Person","@id":"https:\/\/thelabcareer.com\/#\/schema\/person\/d52888235fd6563bd07d97185d6a61e4","name":"Bruno Gianni","image":{"@type":"ImageObject","inLanguage":"fr-FR","@id":"https:\/\/thelabcareer.com\/#\/schema\/person\/image\/","url":"https:\/\/secure.gravatar.com\/avatar\/0f5d42d7bf77874643c1478932860e3f?s=96&d=mm&r=g","contentUrl":"https:\/\/secure.gravatar.com\/avatar\/0f5d42d7bf77874643c1478932860e3f?s=96&d=mm&r=g","caption":"Bruno Gianni"},"description":"Bruno writes the way he lives, with curiosity, care, and respect for people. He likes to observe, listen, and try to understand what is happening on the other side before putting any words on the page.For him, writing is not about impressing, but about getting closer. It is about turning thoughts into something simple, clear, and real. Every text is an ongoing conversation, created with care and honesty, with the sincere intention of touching someone, somewhere along the way.","url":"https:\/\/thelabcareer.com\/fr\/author\/bcgianni\/"}]}},"uagb_featured_image_src":{"full":false,"thumbnail":false,"medium":false,"medium_large":false,"large":false,"1536x1536":false,"2048x2048":false,"trp-custom-language-flag":false},"uagb_author_info":{"display_name":"Bruno Gianni","author_link":"https:\/\/thelabcareer.com\/fr\/author\/bcgianni\/"},"uagb_comment_info":0,"uagb_excerpt":"Vacante Encargado de Recursos Humanos Regional con salario atractivo, contrataci\u00f3n inmediata y excelentes oportunidades de crecimiento profesional. Postula si tienes experiencia y licenciatura en RRHH.","_links":{"self":[{"href":"https:\/\/thelabcareer.com\/fr\/wp-json\/wp\/v2\/posts\/12469"}],"collection":[{"href":"https:\/\/thelabcareer.com\/fr\/wp-json\/wp\/v2\/posts"}],"about":[{"href":"https:\/\/thelabcareer.com\/fr\/wp-json\/wp\/v2\/types\/post"}],"author":[{"embeddable":true,"href":"https:\/\/thelabcareer.com\/fr\/wp-json\/wp\/v2\/users\/3"}],"replies":[{"embeddable":true,"href":"https:\/\/thelabcareer.com\/fr\/wp-json\/wp\/v2\/comments?post=12469"}],"version-history":[{"count":1,"href":"https:\/\/thelabcareer.com\/fr\/wp-json\/wp\/v2\/posts\/12469\/revisions"}],"predecessor-version":[{"id":12482,"href":"https:\/\/thelabcareer.com\/fr\/wp-json\/wp\/v2\/posts\/12469\/revisions\/12482"}],"wp:attachment":[{"href":"https:\/\/thelabcareer.com\/fr\/wp-json\/wp\/v2\/media?parent=12469"}],"wp:term":[{"taxonomy":"category","embeddable":true,"href":"https:\/\/thelabcareer.com\/fr\/wp-json\/wp\/v2\/categories?post=12469"},{"taxonomy":"post_tag","embeddable":true,"href":"https:\/\/thelabcareer.com\/fr\/wp-json\/wp\/v2\/tags?post=12469"}],"curies":[{"name":"wp","href":"https:\/\/api.w.org\/{rel}","templated":true}]}}