{"id":12303,"date":"2026-04-16T11:01:00","date_gmt":"2026-04-16T11:01:00","guid":{"rendered":"https:\/\/thelabcareer.com\/134a8968-c4c8-491f-925d-9d85bb41787d\/"},"modified":"2026-04-16T11:01:56","modified_gmt":"2026-04-16T11:01:56","slug":"134a8968-c4c8-491f-925d-9d85bb41787d","status":"publish","type":"post","link":"https:\/\/thelabcareer.com\/fr\/134a8968-c4c8-491f-925d-9d85bb41787d\/","title":{"rendered":"T\u00e9cnico o tecn\u00f3logo electromec\u00e1nico: Salario competitivo y desarrollo profesional"},"content":{"rendered":"<\/p>\n<\/p>\n<div style=\"background: #ffffff; border-radius: 12px; box-shadow: 0 10px 30px rgba(0, 0, 0, 0.1); width: 100%; max-width: 340px; padding: 25px; transition: transform 0.3s ease-in-out; overflow: visible; display: flex; flex-direction: column; position: relative; border: 1px solid #28a745; margin-top: 70px; margin-bottom: 50px; margin-left: auto; margin-right: auto;\">\n<div style=\"position: absolute; top: -35px; right: 15px; color: #28a745; padding: 5px 10px; border-radius: 6px; font-size: 14px; font-weight: bold; display: flex; align-items: center; z-index: 10;\">Recommand\u00e9 pour toi<\/div>\n<div data-namespace-header=\"\" style=\"\">\n<h3 data-namespace-title=\"\" style=\"color: #333; font-size: 20px; font-weight: bold; text-align: left; margin-right: 50px; min-height: 50px; margin-top: 0px;\">T\u00e9cnico electromec\u00e1nico<\/h3>\n<\/p><\/div>\n<p data-namespace-prompt=\"\" style=\"font-size: 16px; color: #666; margin-bottom: 20px; line-height: 1.5; flex-grow: 1; text-align: left; margin-top: 0px;\">Post\u00falate como t\u00e9cnico electromec\u00e1nico y accede a $2.850.000 mensuales, contrato a t\u00e9rmino indefinido, acompa\u00f1amiento, formaci\u00f3n continua y posibilidades de crecimiento profesional.<\/p>\n<p>    <a data-namespace-url=\"\" href=\"https:\/\/thelabcareer.com\/fr\/redirect\/?https:\/\/co.computrabajo.com\/ofertas-de-trabajo\/oferta-de-trabajo-de-tecnico-o-tecnologo-electromecanico-tecnico-electricista-de-maquinaria-diurno-en-barranquilla-E9D06D71D4F5ACDE61373E686DCF3405?utm_campaign=google_jobs_apply&#038;utm_source=google_jobs_apply&#038;utm_medium=organic\" style=\"width: 100%; display: inline-block; color: white; text-decoration: none; border-radius: 6px; font-size: 16px; font-weight: bold; text-align: center; transition: transform 0.3s ease, background 0.3s ease; margin-top: auto;\" data-namespace-id=\"5c0d2565-3ba9-4280-a382-ad2a691e2285\"><br \/>\n        <button style=\"width: 100%; height: 55px; background: #e9e9ed; border: 1px solid black; color: black;\">Appliquer l&#039;offre d&#039;emploi<\/button><br \/>\n    <\/a><br \/>\n    <small style=\"margin-top: 10px; color: #777; font-size: 12px; text-align: center; display: block;\">Ser\u00e1s redirigido a otro site web<\/small>\n<\/div>\n<p><!-- Introducci\u00f3n --><\/p>\n<p>La vacante de T\u00e9cnico o tecn\u00f3logo electromec\u00e1nico destaca por su atractivo salario de $2.850.000 mensuales y contrato a t\u00e9rmino indefinido. Esta posici\u00f3n ofrece estabilidad laboral, jornadas diurnas y la posibilidad de desarrollarse en un equipo altamente capacitado.<\/p>\n<p>El cargo implica tareas relacionadas con mantenimiento de equipos propios y de clientes, brindando soporte t\u00e9cnico y contribuyendo al desarrollo de t\u00e9cnicos junior. Es ideal para quienes buscan retos t\u00e9cnicos mientras comparten su experiencia y conocimiento.<\/p>\n<p>Entre los requisitos destacan tener titulaci\u00f3n t\u00e9cnica o tecnol\u00f3gica y m\u00ednimo cinco a\u00f1os de experiencia. Adem\u00e1s, se valoran habilidades en \u00e9tica profesional, mantenimiento preventivo y correctivo, y manejo de sistemas hidr\u00e1ulicos.<\/p>\n<h2>Responsabilit\u00e9s journali\u00e8res et fonctions principales<\/h2>\n<p>El t\u00e9cnico electromec\u00e1nico se encarga de realizar mantenimientos preventivos, correctivos y predictivos en maquinaria y equipos industriales.<\/p>\n<p>Brindar soporte t\u00e9cnico y acompa\u00f1amiento a t\u00e9cnicos menos experimentados es una funci\u00f3n clave del cargo, asegurando calidad en los servicios.<\/p>\n<p>Resuelve fallas complejas, solicita recursos adecuados y verifica siempre el cumplimiento de est\u00e1ndares t\u00e9cnicos y de seguridad.<\/p>\n<p>La planificaci\u00f3n de actividades y una comunicaci\u00f3n constante con clientes y l\u00edderes aseguran un flujo de trabajo eficiente y profesional.<\/p>\n<p>Adem\u00e1s, se espera capacidad para liderar equipos t\u00e9cnicos en campo y redactar reportes detallados sobre el estado de equipos y servicios realizados.<\/p>\n<h2>Ventajas y aspectos positivos<\/h2>\n<p>El salario ofrecido es altamente competitivo y el contrato a t\u00e9rmino indefinido proporciona mucha estabilidad.<\/p>\n<p>La vacante fomenta el crecimiento profesional, permitiendo ser referente t\u00e9cnico y participar activamente en la formaci\u00f3n de otros miembros del equipo.<\/p>\n<h2>Opportunit\u00e9s de d\u00e9veloppement professionnel<\/h2>\n<p>La transferencia de conocimiento y el acompa\u00f1amiento pr\u00e1ctico facilitan la adquisici\u00f3n de experiencia adicional y el desarrollo de habilidades.<\/p>\n<p>El ambiente laboral valora la \u00e9tica, la calidad y la formaci\u00f3n continua, destacando la colaboraci\u00f3n entre equipos multidisciplinarios.<\/p>\n<h2>Desaf\u00edos y aspectos a considerar<\/h2>\n<p>El puesto exige disponibilidad para viajar y atender emergencias t\u00e9cnicas, lo que puede afectar la planificaci\u00f3n personal.<\/p>\n<p>Los altos est\u00e1ndares de responsabilidad requieren de una actitud proactiva y gesti\u00f3n eficiente en situaciones cr\u00edticas.<\/p>\n<h2>Consideraciones sobre el entorno laboral<\/h2>\n<p>Mantener una actitud profesional frente a reclamos o conflictos t\u00e9cnicos es fundamental para conservar la calidad del trabajo y la imagen de la empresa.<\/p>\n<p>Se espera el cumplimiento estricto de normativas de seguridad y la participaci\u00f3n activa en la mejora de procesos internos.<\/p>\n<h2>Veredicto final<\/h2>\n<p>Esta oferta representa una excelente oportunidad para t\u00e9cnicos electromec\u00e1nicos con experiencia, dispuestos a liderar, aprender y aportar valor a un equipo consolidado.<\/p>\n<div style=\"background: #ffffff; border-radius: 12px; box-shadow: 0 10px 30px rgba(0, 0, 0, 0.1); width: 100%; max-width: 340px; padding: 25px; transition: transform 0.3s ease-in-out; overflow: visible; display: flex; flex-direction: column; position: relative; border: 1px solid #28a745; margin-top: 70px; margin-bottom: 50px; margin-left: auto; margin-right: auto;\">\n<div style=\"position: absolute; top: -35px; right: 15px; color: #28a745; padding: 5px 10px; border-radius: 6px; font-size: 14px; font-weight: bold; display: flex; align-items: center; z-index: 10;\">Recommand\u00e9 pour toi<\/div>\n<div data-namespace-header=\"\" style=\"\">\n<h3 data-namespace-title=\"\" style=\"color: #333; font-size: 20px; font-weight: bold; text-align: left; margin-right: 50px; min-height: 50px; margin-top: 0px;\">T\u00e9cnico electromec\u00e1nico<\/h3>\n<\/p><\/div>\n<p data-namespace-prompt=\"\" style=\"font-size: 16px; color: #666; margin-bottom: 20px; line-height: 1.5; flex-grow: 1; text-align: left; margin-top: 0px;\">Post\u00falate como t\u00e9cnico electromec\u00e1nico y accede a $2.850.000 mensuales, contrato a t\u00e9rmino indefinido, acompa\u00f1amiento, formaci\u00f3n continua y posibilidades de crecimiento profesional.<\/p>\n<p>    <a data-namespace-url=\"\" href=\"https:\/\/thelabcareer.com\/fr\/redirect\/?https:\/\/co.computrabajo.com\/ofertas-de-trabajo\/oferta-de-trabajo-de-tecnico-o-tecnologo-electromecanico-tecnico-electricista-de-maquinaria-diurno-en-barranquilla-E9D06D71D4F5ACDE61373E686DCF3405?utm_campaign=google_jobs_apply&#038;utm_source=google_jobs_apply&#038;utm_medium=organic\" style=\"width: 100%; display: inline-block; color: white; text-decoration: none; border-radius: 6px; font-size: 16px; font-weight: bold; text-align: center; transition: transform 0.3s ease, background 0.3s ease; margin-top: auto;\" data-namespace-id=\"5c0d2565-3ba9-4280-a382-ad2a691e2285\"><br \/>\n        <button style=\"width: 100%; height: 55px; background: #e9e9ed; border: 1px solid black; color: black;\">Appliquer l&#039;offre d&#039;emploi<\/button><br \/>\n    <\/a><br \/>\n    <small style=\"margin-top: 10px; color: #777; font-size: 12px; text-align: center; display: block;\">Ser\u00e1s redirigido a otro site web<\/small>\n<\/div>","protected":false},"excerpt":{"rendered":"<p>Explora la vacante de t\u00e9cnico electromec\u00e1nico con salarios competitivos y contrato a t\u00e9rmino indefinido. Conoce responsabilidades, pros y contras. Postula y alcanza tu potencial profesional.<\/p>","protected":false},"author":3,"featured_media":0,"comment_status":"open","ping_status":"open","sticky":false,"template":"","format":"standard","meta":{"_uag_custom_page_level_css":"","site-sidebar-layout":"default","site-content-layout":"","ast-site-content-layout":"","site-content-style":"default","site-sidebar-style":"default","ast-global-header-display":"","ast-banner-title-visibility":"","ast-main-header-display":"","ast-hfb-above-header-display":"","ast-hfb-below-header-display":"","ast-hfb-mobile-header-display":"","site-post-title":"","ast-breadcrumbs-content":"","ast-featured-img":"","footer-sml-layout":"","theme-transparent-header-meta":"","adv-header-id-meta":"","stick-header-meta":"","header-above-stick-meta":"","header-main-stick-meta":"","header-below-stick-meta":"","astra-migrate-meta-layouts":"default","ast-page-background-enabled":"default","ast-page-background-meta":{"desktop":{"background-color":"var(--ast-global-color-4)","background-image":"","background-repeat":"repeat","background-position":"center center","background-size":"auto","background-attachment":"scroll","background-type":"","background-media":"","overlay-type":"","overlay-color":"","overlay-opacity":"","overlay-gradient":""},"tablet":{"background-color":"","background-image":"","background-repeat":"repeat","background-position":"center center","background-size":"auto","background-attachment":"scroll","background-type":"","background-media":"","overlay-type":"","overlay-color":"","overlay-opacity":"","overlay-gradient":""},"mobile":{"background-color":"","background-image":"","background-repeat":"repeat","background-position":"center center","background-size":"auto","background-attachment":"scroll","background-type":"","background-media":"","overlay-type":"","overlay-color":"","overlay-opacity":"","overlay-gradient":""}},"ast-content-background-meta":{"desktop":{"background-color":"var(--ast-global-color-5)","background-image":"","background-repeat":"repeat","background-position":"center center","background-size":"auto","background-attachment":"scroll","background-type":"","background-media":"","overlay-type":"","overlay-color":"","overlay-opacity":"","overlay-gradient":""},"tablet":{"background-color":"var(--ast-global-color-5)","background-image":"","background-repeat":"repeat","background-position":"center center","background-size":"auto","background-attachment":"scroll","background-type":"","background-media":"","overlay-type":"","overlay-color":"","overlay-opacity":"","overlay-gradient":""},"mobile":{"background-color":"var(--ast-global-color-5)","background-image":"","background-repeat":"repeat","background-position":"center center","background-size":"auto","background-attachment":"scroll","background-type":"","background-media":"","overlay-type":"","overlay-color":"","overlay-opacity":"","overlay-gradient":""}},"footnotes":""},"categories":[10],"tags":[],"yoast_head":"<!-- This site is optimized with the Yoast SEO plugin v23.3 - https:\/\/yoast.com\/wordpress\/plugins\/seo\/ -->\n<title>T\u00e9cnico o tecn\u00f3logo electromec\u00e1nico: Salario competitivo y desarrollo profesional - The Lab Career<\/title>\n<meta name=\"robots\" content=\"index, follow, max-snippet:-1, max-image-preview:large, max-video-preview:-1\" \/>\n<link rel=\"canonical\" href=\"https:\/\/thelabcareer.com\/fr\/134a8968-c4c8-491f-925d-9d85bb41787d\/\" \/>\n<meta property=\"og:locale\" content=\"fr_FR\" \/>\n<meta property=\"og:type\" content=\"article\" \/>\n<meta property=\"og:title\" content=\"T\u00e9cnico o tecn\u00f3logo electromec\u00e1nico: Salario competitivo y desarrollo profesional - The Lab Career\" \/>\n<meta property=\"og:description\" content=\"Explora la vacante de t\u00e9cnico electromec\u00e1nico con salarios competitivos y contrato a t\u00e9rmino indefinido. Conoce responsabilidades, pros y contras. Postula y alcanza tu potencial profesional.\" \/>\n<meta property=\"og:url\" content=\"https:\/\/thelabcareer.com\/fr\/134a8968-c4c8-491f-925d-9d85bb41787d\/\" \/>\n<meta property=\"og:site_name\" content=\"The Lab Career\" \/>\n<meta property=\"article:published_time\" content=\"2026-04-16T11:01:00+00:00\" \/>\n<meta property=\"article:modified_time\" content=\"2026-04-16T11:01:56+00:00\" \/>\n<meta name=\"author\" content=\"Bruno Gianni\" \/>\n<meta name=\"twitter:card\" content=\"summary_large_image\" \/>\n<meta name=\"twitter:label1\" content=\"Written by\" \/>\n\t<meta name=\"twitter:data1\" content=\"Bruno Gianni\" \/>\n\t<meta name=\"twitter:label2\" content=\"Est. reading time\" \/>\n\t<meta name=\"twitter:data2\" content=\"3 minutes\" \/>\n<script type=\"application\/ld+json\" class=\"yoast-schema-graph\">{\"@context\":\"https:\/\/schema.org\",\"@graph\":[{\"@type\":\"Article\",\"@id\":\"https:\/\/thelabcareer.com\/134a8968-c4c8-491f-925d-9d85bb41787d\/#article\",\"isPartOf\":{\"@id\":\"https:\/\/thelabcareer.com\/134a8968-c4c8-491f-925d-9d85bb41787d\/\"},\"author\":{\"name\":\"Bruno Gianni\",\"@id\":\"https:\/\/thelabcareer.com\/#\/schema\/person\/d52888235fd6563bd07d97185d6a61e4\"},\"headline\":\"T\u00e9cnico o tecn\u00f3logo electromec\u00e1nico: Salario competitivo y desarrollo profesional\",\"datePublished\":\"2026-04-16T11:01:00+00:00\",\"dateModified\":\"2026-04-16T11:01:56+00:00\",\"mainEntityOfPage\":{\"@id\":\"https:\/\/thelabcareer.com\/134a8968-c4c8-491f-925d-9d85bb41787d\/\"},\"wordCount\":539,\"commentCount\":0,\"publisher\":{\"@id\":\"https:\/\/thelabcareer.com\/#organization\"},\"articleSection\":[\"Hidden\"],\"inLanguage\":\"fr-FR\",\"potentialAction\":[{\"@type\":\"CommentAction\",\"name\":\"Comment\",\"target\":[\"https:\/\/thelabcareer.com\/134a8968-c4c8-491f-925d-9d85bb41787d\/#respond\"]}]},{\"@type\":\"WebPage\",\"@id\":\"https:\/\/thelabcareer.com\/134a8968-c4c8-491f-925d-9d85bb41787d\/\",\"url\":\"https:\/\/thelabcareer.com\/134a8968-c4c8-491f-925d-9d85bb41787d\/\",\"name\":\"T\u00e9cnico o tecn\u00f3logo electromec\u00e1nico: Salario competitivo y desarrollo profesional - The Lab Career\",\"isPartOf\":{\"@id\":\"https:\/\/thelabcareer.com\/#website\"},\"datePublished\":\"2026-04-16T11:01:00+00:00\",\"dateModified\":\"2026-04-16T11:01:56+00:00\",\"breadcrumb\":{\"@id\":\"https:\/\/thelabcareer.com\/134a8968-c4c8-491f-925d-9d85bb41787d\/#breadcrumb\"},\"inLanguage\":\"fr-FR\",\"potentialAction\":[{\"@type\":\"ReadAction\",\"target\":[\"https:\/\/thelabcareer.com\/134a8968-c4c8-491f-925d-9d85bb41787d\/\"]}]},{\"@type\":\"BreadcrumbList\",\"@id\":\"https:\/\/thelabcareer.com\/134a8968-c4c8-491f-925d-9d85bb41787d\/#breadcrumb\",\"itemListElement\":[{\"@type\":\"ListItem\",\"position\":1,\"name\":\"Home\",\"item\":\"https:\/\/thelabcareer.com\/\"},{\"@type\":\"ListItem\",\"position\":2,\"name\":\"T\u00e9cnico o tecn\u00f3logo electromec\u00e1nico: Salario competitivo y desarrollo profesional\"}]},{\"@type\":\"WebSite\",\"@id\":\"https:\/\/thelabcareer.com\/#website\",\"url\":\"https:\/\/thelabcareer.com\/\",\"name\":\"The Lab Career\",\"description\":\"\",\"publisher\":{\"@id\":\"https:\/\/thelabcareer.com\/#organization\"},\"potentialAction\":[{\"@type\":\"SearchAction\",\"target\":{\"@type\":\"EntryPoint\",\"urlTemplate\":\"https:\/\/thelabcareer.com\/?s={search_term_string}\"},\"query-input\":\"required name=search_term_string\"}],\"inLanguage\":\"fr-FR\"},{\"@type\":\"Organization\",\"@id\":\"https:\/\/thelabcareer.com\/#organization\",\"name\":\"The Lab Career\",\"url\":\"https:\/\/thelabcareer.com\/\",\"logo\":{\"@type\":\"ImageObject\",\"inLanguage\":\"fr-FR\",\"@id\":\"https:\/\/thelabcareer.com\/#\/schema\/logo\/image\/\",\"url\":\"https:\/\/thelabcareer.com\/wp-content\/uploads\/sites\/471\/2025\/12\/cropped-cropped-cropped-thelabcareer-logo.png\",\"contentUrl\":\"https:\/\/thelabcareer.com\/wp-content\/uploads\/sites\/471\/2025\/12\/cropped-cropped-cropped-thelabcareer-logo.png\",\"width\":255,\"height\":364,\"caption\":\"The Lab Career\"},\"image\":{\"@id\":\"https:\/\/thelabcareer.com\/#\/schema\/logo\/image\/\"}},{\"@type\":\"Person\",\"@id\":\"https:\/\/thelabcareer.com\/#\/schema\/person\/d52888235fd6563bd07d97185d6a61e4\",\"name\":\"Bruno Gianni\",\"image\":{\"@type\":\"ImageObject\",\"inLanguage\":\"fr-FR\",\"@id\":\"https:\/\/thelabcareer.com\/#\/schema\/person\/image\/\",\"url\":\"https:\/\/secure.gravatar.com\/avatar\/0f5d42d7bf77874643c1478932860e3f?s=96&d=mm&r=g\",\"contentUrl\":\"https:\/\/secure.gravatar.com\/avatar\/0f5d42d7bf77874643c1478932860e3f?s=96&d=mm&r=g\",\"caption\":\"Bruno Gianni\"},\"description\":\"Bruno writes the way he lives, with curiosity, care, and respect for people. He likes to observe, listen, and try to understand what is happening on the other side before putting any words on the page.For him, writing is not about impressing, but about getting closer. It is about turning thoughts into something simple, clear, and real. Every text is an ongoing conversation, created with care and honesty, with the sincere intention of touching someone, somewhere along the way.\",\"url\":\"https:\/\/thelabcareer.com\/fr\/author\/bcgianni\/\"}]}<\/script>\n<!-- \/ Yoast SEO plugin. -->","yoast_head_json":{"title":"T\u00e9cnico o tecn\u00f3logo electromec\u00e1nico: Salario competitivo y desarrollo profesional - The Lab Career","robots":{"index":"index","follow":"follow","max-snippet":"max-snippet:-1","max-image-preview":"max-image-preview:large","max-video-preview":"max-video-preview:-1"},"canonical":"https:\/\/thelabcareer.com\/fr\/134a8968-c4c8-491f-925d-9d85bb41787d\/","og_locale":"fr_FR","og_type":"article","og_title":"T\u00e9cnico o tecn\u00f3logo electromec\u00e1nico: Salario competitivo y desarrollo profesional - The Lab Career","og_description":"Explora la vacante de t\u00e9cnico electromec\u00e1nico con salarios competitivos y contrato a t\u00e9rmino indefinido. Conoce responsabilidades, pros y contras. Postula y alcanza tu potencial profesional.","og_url":"https:\/\/thelabcareer.com\/fr\/134a8968-c4c8-491f-925d-9d85bb41787d\/","og_site_name":"The Lab Career","article_published_time":"2026-04-16T11:01:00+00:00","article_modified_time":"2026-04-16T11:01:56+00:00","author":"Bruno Gianni","twitter_card":"summary_large_image","twitter_misc":{"Written by":"Bruno Gianni","Est. reading time":"3 minutes"},"schema":{"@context":"https:\/\/schema.org","@graph":[{"@type":"Article","@id":"https:\/\/thelabcareer.com\/134a8968-c4c8-491f-925d-9d85bb41787d\/#article","isPartOf":{"@id":"https:\/\/thelabcareer.com\/134a8968-c4c8-491f-925d-9d85bb41787d\/"},"author":{"name":"Bruno Gianni","@id":"https:\/\/thelabcareer.com\/#\/schema\/person\/d52888235fd6563bd07d97185d6a61e4"},"headline":"T\u00e9cnico o tecn\u00f3logo electromec\u00e1nico: Salario competitivo y desarrollo profesional","datePublished":"2026-04-16T11:01:00+00:00","dateModified":"2026-04-16T11:01:56+00:00","mainEntityOfPage":{"@id":"https:\/\/thelabcareer.com\/134a8968-c4c8-491f-925d-9d85bb41787d\/"},"wordCount":539,"commentCount":0,"publisher":{"@id":"https:\/\/thelabcareer.com\/#organization"},"articleSection":["Hidden"],"inLanguage":"fr-FR","potentialAction":[{"@type":"CommentAction","name":"Comment","target":["https:\/\/thelabcareer.com\/134a8968-c4c8-491f-925d-9d85bb41787d\/#respond"]}]},{"@type":"WebPage","@id":"https:\/\/thelabcareer.com\/134a8968-c4c8-491f-925d-9d85bb41787d\/","url":"https:\/\/thelabcareer.com\/134a8968-c4c8-491f-925d-9d85bb41787d\/","name":"T\u00e9cnico o tecn\u00f3logo electromec\u00e1nico: Salario competitivo y desarrollo profesional - The Lab Career","isPartOf":{"@id":"https:\/\/thelabcareer.com\/#website"},"datePublished":"2026-04-16T11:01:00+00:00","dateModified":"2026-04-16T11:01:56+00:00","breadcrumb":{"@id":"https:\/\/thelabcareer.com\/134a8968-c4c8-491f-925d-9d85bb41787d\/#breadcrumb"},"inLanguage":"fr-FR","potentialAction":[{"@type":"ReadAction","target":["https:\/\/thelabcareer.com\/134a8968-c4c8-491f-925d-9d85bb41787d\/"]}]},{"@type":"BreadcrumbList","@id":"https:\/\/thelabcareer.com\/134a8968-c4c8-491f-925d-9d85bb41787d\/#breadcrumb","itemListElement":[{"@type":"ListItem","position":1,"name":"Home","item":"https:\/\/thelabcareer.com\/"},{"@type":"ListItem","position":2,"name":"T\u00e9cnico o tecn\u00f3logo electromec\u00e1nico: Salario competitivo y desarrollo profesional"}]},{"@type":"WebSite","@id":"https:\/\/thelabcareer.com\/#website","url":"https:\/\/thelabcareer.com\/","name":"The Lab Career","description":"","publisher":{"@id":"https:\/\/thelabcareer.com\/#organization"},"potentialAction":[{"@type":"SearchAction","target":{"@type":"EntryPoint","urlTemplate":"https:\/\/thelabcareer.com\/?s={search_term_string}"},"query-input":"required name=search_term_string"}],"inLanguage":"fr-FR"},{"@type":"Organization","@id":"https:\/\/thelabcareer.com\/#organization","name":"The Lab Career","url":"https:\/\/thelabcareer.com\/","logo":{"@type":"ImageObject","inLanguage":"fr-FR","@id":"https:\/\/thelabcareer.com\/#\/schema\/logo\/image\/","url":"https:\/\/thelabcareer.com\/wp-content\/uploads\/sites\/471\/2025\/12\/cropped-cropped-cropped-thelabcareer-logo.png","contentUrl":"https:\/\/thelabcareer.com\/wp-content\/uploads\/sites\/471\/2025\/12\/cropped-cropped-cropped-thelabcareer-logo.png","width":255,"height":364,"caption":"The Lab Career"},"image":{"@id":"https:\/\/thelabcareer.com\/#\/schema\/logo\/image\/"}},{"@type":"Person","@id":"https:\/\/thelabcareer.com\/#\/schema\/person\/d52888235fd6563bd07d97185d6a61e4","name":"Bruno Gianni","image":{"@type":"ImageObject","inLanguage":"fr-FR","@id":"https:\/\/thelabcareer.com\/#\/schema\/person\/image\/","url":"https:\/\/secure.gravatar.com\/avatar\/0f5d42d7bf77874643c1478932860e3f?s=96&d=mm&r=g","contentUrl":"https:\/\/secure.gravatar.com\/avatar\/0f5d42d7bf77874643c1478932860e3f?s=96&d=mm&r=g","caption":"Bruno Gianni"},"description":"Bruno writes the way he lives, with curiosity, care, and respect for people. He likes to observe, listen, and try to understand what is happening on the other side before putting any words on the page.For him, writing is not about impressing, but about getting closer. It is about turning thoughts into something simple, clear, and real. Every text is an ongoing conversation, created with care and honesty, with the sincere intention of touching someone, somewhere along the way.","url":"https:\/\/thelabcareer.com\/fr\/author\/bcgianni\/"}]}},"uagb_featured_image_src":{"full":false,"thumbnail":false,"medium":false,"medium_large":false,"large":false,"1536x1536":false,"2048x2048":false,"trp-custom-language-flag":false},"uagb_author_info":{"display_name":"Bruno Gianni","author_link":"https:\/\/thelabcareer.com\/fr\/author\/bcgianni\/"},"uagb_comment_info":0,"uagb_excerpt":"Explora la vacante de t\u00e9cnico electromec\u00e1nico con salarios competitivos y contrato a t\u00e9rmino indefinido. Conoce responsabilidades, pros y contras. Postula y alcanza tu potencial profesional.","_links":{"self":[{"href":"https:\/\/thelabcareer.com\/fr\/wp-json\/wp\/v2\/posts\/12303"}],"collection":[{"href":"https:\/\/thelabcareer.com\/fr\/wp-json\/wp\/v2\/posts"}],"about":[{"href":"https:\/\/thelabcareer.com\/fr\/wp-json\/wp\/v2\/types\/post"}],"author":[{"embeddable":true,"href":"https:\/\/thelabcareer.com\/fr\/wp-json\/wp\/v2\/users\/3"}],"replies":[{"embeddable":true,"href":"https:\/\/thelabcareer.com\/fr\/wp-json\/wp\/v2\/comments?post=12303"}],"version-history":[{"count":1,"href":"https:\/\/thelabcareer.com\/fr\/wp-json\/wp\/v2\/posts\/12303\/revisions"}],"predecessor-version":[{"id":12313,"href":"https:\/\/thelabcareer.com\/fr\/wp-json\/wp\/v2\/posts\/12303\/revisions\/12313"}],"wp:attachment":[{"href":"https:\/\/thelabcareer.com\/fr\/wp-json\/wp\/v2\/media?parent=12303"}],"wp:term":[{"taxonomy":"category","embeddable":true,"href":"https:\/\/thelabcareer.com\/fr\/wp-json\/wp\/v2\/categories?post=12303"},{"taxonomy":"post_tag","embeddable":true,"href":"https:\/\/thelabcareer.com\/fr\/wp-json\/wp\/v2\/tags?post=12303"}],"curies":[{"name":"wp","href":"https:\/\/api.w.org\/{rel}","templated":true}]}}