{"id":12172,"date":"2026-04-16T00:11:00","date_gmt":"2026-04-16T00:11:00","guid":{"rendered":"https:\/\/thelabcareer.com\/03647efe-5b65-4ffd-94cd-cb6f4610dafa\/"},"modified":"2026-04-16T00:11:51","modified_gmt":"2026-04-16T00:11:51","slug":"03647efe-5b65-4ffd-94cd-cb6f4610dafa","status":"publish","type":"post","link":"https:\/\/thelabcareer.com\/fr\/03647efe-5b65-4ffd-94cd-cb6f4610dafa\/","title":{"rendered":"Contador general \u2013 Sueldo competitivo y crecimiento profesional para titulados"},"content":{"rendered":"<\/p>\n<\/p>\n<div style=\"background: #ffffff; border-radius: 12px; box-shadow: 0 10px 30px rgba(0, 0, 0, 0.1); width: 100%; max-width: 340px; padding: 25px; transition: transform 0.3s ease-in-out; overflow: visible; display: flex; flex-direction: column; position: relative; border: 1px solid #28a745; margin-top: 70px; margin-bottom: 50px; margin-left: auto; margin-right: auto;\">\n<div style=\"position: absolute; top: -35px; right: 15px; color: #28a745; padding: 5px 10px; border-radius: 6px; font-size: 14px; font-weight: bold; display: flex; align-items: center; z-index: 10;\">Recommand\u00e9 pour toi<\/div>\n<div data-namespace-header=\"\" style=\"\">\n<h3 data-namespace-title=\"\" style=\"color: #333; font-size: 20px; font-weight: bold; text-align: left; margin-right: 50px; min-height: 50px; margin-top: 0px;\">Contador general<\/h3>\n<\/p><\/div>\n<p data-namespace-prompt=\"\" style=\"font-size: 16px; color: #666; margin-bottom: 20px; line-height: 1.5; flex-grow: 1; text-align: left; margin-top: 0px;\">Vacante para contador general titulado con experiencia, sueldo neto de $16,000 mensuales, jornada flexible y prestaciones de ley. Participa y haz crecer tu carrera.<\/p>\n<p>    <a data-namespace-url=\"\" href=\"https:\/\/thelabcareer.com\/fr\/redirect\/?https:\/\/mx.computrabajo.com\/ofertas-de-trabajo\/oferta-de-trabajo-de-contador-general-con-experiencia-en-merida-0CCA15679F03D82461373E686DCF3405?utm_campaign=google_jobs_apply&#038;utm_source=google_jobs_apply&#038;utm_medium=organic\" style=\"width: 100%; display: inline-block; color: white; text-decoration: none; border-radius: 6px; font-size: 16px; font-weight: bold; text-align: center; transition: transform 0.3s ease, background 0.3s ease; margin-top: auto;\" data-namespace-id=\"5c0d2565-3ba9-4280-a382-ad2a691e2285\"><br \/>\n        <button style=\"width: 100%; height: 55px; background: #e9e9ed; border: 1px solid black; color: black;\">Postularse al empleo<\/button><br \/>\n    <\/a><br \/>\n    <small style=\"margin-top: 10px; color: #777; font-size: 12px; text-align: center; display: block;\">Ser\u00e1s redirigido a otro site web<\/small>\n<\/div>\n<p>Esta posici\u00f3n de contador general destaca por ofrecer un sueldo neto mensual de $16,000 en modalidad de tiempo completo, con contrato por tiempo indeterminado y todas las prestaciones de ley. Es ideal para profesionales con t\u00edtulo en contadur\u00eda y al menos un a\u00f1o de experiencia. Adem\u00e1s, la jornada laboral incluye trabajo presencial y d\u00edas de home office.<\/p>\n<h2>Responsabilit\u00e9s et responsabilit\u00e9s principales<\/h2>\n<p>El contador general se encargar\u00e1 de la contabilidad tanto de personas morales como f\u00edsicas.<\/p>\n<p>Entre sus tareas est\u00e1 la gesti\u00f3n de altas y bajas en el IMSS y la presentaci\u00f3n de declaraciones provisionales e informativas.<\/p>\n<p>Tambi\u00e9n, deber\u00e1 presentar impuestos estatales, procesar pagos a proveedores y manejar herramientas como Contpaq y Excel avanzado.<\/p>\n<p>Adem\u00e1s, se espera una correcta operaci\u00f3n de banca electr\u00f3nica y control eficiente de n\u00f3minas.<\/p>\n<p>Estas funciones aseguran un entorno profesional donde se valora el conocimiento t\u00e9cnico y la responsabilidad administrativa.<\/p>\n<h2>Ventajas del puesto<\/h2>\n<p>Uno de los puntos fuertes es el salario competitivo y el pago puntual que brinda estabilidad econ\u00f3mica.<\/p>\n<p>La vacante tambi\u00e9n ofrece prestaciones de ley, lo que significa recibir seguro social y otros beneficios b\u00e1sicos.<\/p>\n<p>Otro atractivo es la jornada laboral flexible, permitiendo cierto equilibrio entre la vida personal y profesional.<\/p>\n<p>El puesto propicia el crecimiento profesional gracias a la diversidad de funciones y la actualizaci\u00f3n constante.<\/p>\n<p>Por \u00faltimo, trabajar con herramientas modernas y un ambiente organizado motiva al desarrollo de nuevas competencias.<\/p>\n<h2>A considerar: desventajas y retos<\/h2>\n<p>Aunque el sueldo es acorde al mercado, puede parecer limitado para quienes buscan altos rangos salariales.<\/p>\n<p>La carga de trabajo administrativa puede ser demandante en ciertos periodos contables importantes.<\/p>\n<p>La experiencia m\u00ednima requerida puede restringir oportunidades para reci\u00e9n egresados sin trayectoria previa.<\/p>\n<p>El dominio de sistemas espec\u00edficos como Contpaq puede ser un obst\u00e1culo si no se tienen conocimientos previos.<\/p>\n<p>Por \u00faltimo, rotar presencial y home office requiere gran capacidad de autogesti\u00f3n y adaptabilidad.<\/p>\n<h2>Veredicto final sobre la vacante<\/h2>\n<p>Esta oferta resulta atractiva y realista para contadores titulados con experiencia que busquen estabilidad y buen ambiente de trabajo.<\/p>\n<p>El equilibrio entre condiciones laborales, prestaciones y actividades la convierte en una opci\u00f3n conveniente para avanzar profesionalmente.<\/p>\n<div style=\"background: #ffffff; border-radius: 12px; box-shadow: 0 10px 30px rgba(0, 0, 0, 0.1); width: 100%; max-width: 340px; padding: 25px; transition: transform 0.3s ease-in-out; overflow: visible; display: flex; flex-direction: column; position: relative; border: 1px solid #28a745; margin-top: 70px; margin-bottom: 50px; margin-left: auto; margin-right: auto;\">\n<div style=\"position: absolute; top: -35px; right: 15px; color: #28a745; padding: 5px 10px; border-radius: 6px; font-size: 14px; font-weight: bold; display: flex; align-items: center; z-index: 10;\">Recommand\u00e9 pour toi<\/div>\n<div data-namespace-header=\"\" style=\"\">\n<h3 data-namespace-title=\"\" style=\"color: #333; font-size: 20px; font-weight: bold; text-align: left; margin-right: 50px; min-height: 50px; margin-top: 0px;\">Contador general<\/h3>\n<\/p><\/div>\n<p data-namespace-prompt=\"\" style=\"font-size: 16px; color: #666; margin-bottom: 20px; line-height: 1.5; flex-grow: 1; text-align: left; margin-top: 0px;\">Vacante para contador general titulado con experiencia, sueldo neto de $16,000 mensuales, jornada flexible y prestaciones de ley. Participa y haz crecer tu carrera.<\/p>\n<p>    <a data-namespace-url=\"\" href=\"https:\/\/thelabcareer.com\/fr\/redirect\/?https:\/\/mx.computrabajo.com\/ofertas-de-trabajo\/oferta-de-trabajo-de-contador-general-con-experiencia-en-merida-0CCA15679F03D82461373E686DCF3405?utm_campaign=google_jobs_apply&#038;utm_source=google_jobs_apply&#038;utm_medium=organic\" style=\"width: 100%; display: inline-block; color: white; text-decoration: none; border-radius: 6px; font-size: 16px; font-weight: bold; text-align: center; transition: transform 0.3s ease, background 0.3s ease; margin-top: auto;\" data-namespace-id=\"5c0d2565-3ba9-4280-a382-ad2a691e2285\"><br \/>\n        <button style=\"width: 100%; height: 55px; background: #e9e9ed; border: 1px solid black; color: black;\">Postularse al empleo<\/button><br \/>\n    <\/a><br \/>\n    <small style=\"margin-top: 10px; color: #777; font-size: 12px; text-align: center; display: block;\">Ser\u00e1s redirigido a otro site web<\/small>\n<\/div>","protected":false},"excerpt":{"rendered":"<p>Vacante para contador general: $16,000 netos mensuales, prestaciones de ley, home office, jornada flexible y oportunidades de crecimiento profesional. Post\u00falate y haz crecer tu carrera contable.<\/p>","protected":false},"author":3,"featured_media":0,"comment_status":"open","ping_status":"open","sticky":false,"template":"","format":"standard","meta":{"_uag_custom_page_level_css":"","site-sidebar-layout":"default","site-content-layout":"","ast-site-content-layout":"","site-content-style":"default","site-sidebar-style":"default","ast-global-header-display":"","ast-banner-title-visibility":"","ast-main-header-display":"","ast-hfb-above-header-display":"","ast-hfb-below-header-display":"","ast-hfb-mobile-header-display":"","site-post-title":"","ast-breadcrumbs-content":"","ast-featured-img":"","footer-sml-layout":"","theme-transparent-header-meta":"","adv-header-id-meta":"","stick-header-meta":"","header-above-stick-meta":"","header-main-stick-meta":"","header-below-stick-meta":"","astra-migrate-meta-layouts":"default","ast-page-background-enabled":"default","ast-page-background-meta":{"desktop":{"background-color":"var(--ast-global-color-4)","background-image":"","background-repeat":"repeat","background-position":"center center","background-size":"auto","background-attachment":"scroll","background-type":"","background-media":"","overlay-type":"","overlay-color":"","overlay-opacity":"","overlay-gradient":""},"tablet":{"background-color":"","background-image":"","background-repeat":"repeat","background-position":"center center","background-size":"auto","background-attachment":"scroll","background-type":"","background-media":"","overlay-type":"","overlay-color":"","overlay-opacity":"","overlay-gradient":""},"mobile":{"background-color":"","background-image":"","background-repeat":"repeat","background-position":"center center","background-size":"auto","background-attachment":"scroll","background-type":"","background-media":"","overlay-type":"","overlay-color":"","overlay-opacity":"","overlay-gradient":""}},"ast-content-background-meta":{"desktop":{"background-color":"var(--ast-global-color-5)","background-image":"","background-repeat":"repeat","background-position":"center center","background-size":"auto","background-attachment":"scroll","background-type":"","background-media":"","overlay-type":"","overlay-color":"","overlay-opacity":"","overlay-gradient":""},"tablet":{"background-color":"var(--ast-global-color-5)","background-image":"","background-repeat":"repeat","background-position":"center center","background-size":"auto","background-attachment":"scroll","background-type":"","background-media":"","overlay-type":"","overlay-color":"","overlay-opacity":"","overlay-gradient":""},"mobile":{"background-color":"var(--ast-global-color-5)","background-image":"","background-repeat":"repeat","background-position":"center center","background-size":"auto","background-attachment":"scroll","background-type":"","background-media":"","overlay-type":"","overlay-color":"","overlay-opacity":"","overlay-gradient":""}},"footnotes":""},"categories":[10],"tags":[],"yoast_head":"<!-- This site is optimized with the Yoast SEO plugin v23.3 - https:\/\/yoast.com\/wordpress\/plugins\/seo\/ -->\n<title>Contador general \u2013 Sueldo competitivo y crecimiento profesional para titulados - The Lab Career<\/title>\n<meta name=\"robots\" content=\"index, follow, max-snippet:-1, max-image-preview:large, max-video-preview:-1\" \/>\n<link rel=\"canonical\" href=\"https:\/\/thelabcareer.com\/fr\/03647efe-5b65-4ffd-94cd-cb6f4610dafa\/\" \/>\n<meta property=\"og:locale\" content=\"fr_FR\" \/>\n<meta property=\"og:type\" content=\"article\" \/>\n<meta property=\"og:title\" content=\"Contador general \u2013 Sueldo competitivo y crecimiento profesional para titulados - The Lab Career\" \/>\n<meta property=\"og:description\" content=\"Vacante para contador general: $16,000 netos mensuales, prestaciones de ley, home office, jornada flexible y oportunidades de crecimiento profesional. Post\u00falate y haz crecer tu carrera contable.\" \/>\n<meta property=\"og:url\" content=\"https:\/\/thelabcareer.com\/fr\/03647efe-5b65-4ffd-94cd-cb6f4610dafa\/\" \/>\n<meta property=\"og:site_name\" content=\"The Lab Career\" \/>\n<meta property=\"article:published_time\" content=\"2026-04-16T00:11:00+00:00\" \/>\n<meta property=\"article:modified_time\" content=\"2026-04-16T00:11:51+00:00\" \/>\n<meta name=\"author\" content=\"Bruno Gianni\" \/>\n<meta name=\"twitter:card\" content=\"summary_large_image\" \/>\n<meta name=\"twitter:label1\" content=\"Written by\" \/>\n\t<meta name=\"twitter:data1\" content=\"Bruno Gianni\" \/>\n\t<meta name=\"twitter:label2\" content=\"Est. reading time\" \/>\n\t<meta name=\"twitter:data2\" content=\"2 minutes\" \/>\n<script type=\"application\/ld+json\" class=\"yoast-schema-graph\">{\"@context\":\"https:\/\/schema.org\",\"@graph\":[{\"@type\":\"Article\",\"@id\":\"https:\/\/thelabcareer.com\/03647efe-5b65-4ffd-94cd-cb6f4610dafa\/#article\",\"isPartOf\":{\"@id\":\"https:\/\/thelabcareer.com\/03647efe-5b65-4ffd-94cd-cb6f4610dafa\/\"},\"author\":{\"name\":\"Bruno Gianni\",\"@id\":\"https:\/\/thelabcareer.com\/#\/schema\/person\/d52888235fd6563bd07d97185d6a61e4\"},\"headline\":\"Contador general \u2013 Sueldo competitivo y crecimiento profesional para titulados\",\"datePublished\":\"2026-04-16T00:11:00+00:00\",\"dateModified\":\"2026-04-16T00:11:51+00:00\",\"mainEntityOfPage\":{\"@id\":\"https:\/\/thelabcareer.com\/03647efe-5b65-4ffd-94cd-cb6f4610dafa\/\"},\"wordCount\":456,\"commentCount\":0,\"publisher\":{\"@id\":\"https:\/\/thelabcareer.com\/#organization\"},\"articleSection\":[\"Hidden\"],\"inLanguage\":\"fr-FR\",\"potentialAction\":[{\"@type\":\"CommentAction\",\"name\":\"Comment\",\"target\":[\"https:\/\/thelabcareer.com\/03647efe-5b65-4ffd-94cd-cb6f4610dafa\/#respond\"]}]},{\"@type\":\"WebPage\",\"@id\":\"https:\/\/thelabcareer.com\/03647efe-5b65-4ffd-94cd-cb6f4610dafa\/\",\"url\":\"https:\/\/thelabcareer.com\/03647efe-5b65-4ffd-94cd-cb6f4610dafa\/\",\"name\":\"Contador general \u2013 Sueldo competitivo y crecimiento profesional para titulados - The Lab Career\",\"isPartOf\":{\"@id\":\"https:\/\/thelabcareer.com\/#website\"},\"datePublished\":\"2026-04-16T00:11:00+00:00\",\"dateModified\":\"2026-04-16T00:11:51+00:00\",\"breadcrumb\":{\"@id\":\"https:\/\/thelabcareer.com\/03647efe-5b65-4ffd-94cd-cb6f4610dafa\/#breadcrumb\"},\"inLanguage\":\"fr-FR\",\"potentialAction\":[{\"@type\":\"ReadAction\",\"target\":[\"https:\/\/thelabcareer.com\/03647efe-5b65-4ffd-94cd-cb6f4610dafa\/\"]}]},{\"@type\":\"BreadcrumbList\",\"@id\":\"https:\/\/thelabcareer.com\/03647efe-5b65-4ffd-94cd-cb6f4610dafa\/#breadcrumb\",\"itemListElement\":[{\"@type\":\"ListItem\",\"position\":1,\"name\":\"Home\",\"item\":\"https:\/\/thelabcareer.com\/\"},{\"@type\":\"ListItem\",\"position\":2,\"name\":\"Contador general \u2013 Sueldo competitivo y crecimiento profesional para titulados\"}]},{\"@type\":\"WebSite\",\"@id\":\"https:\/\/thelabcareer.com\/#website\",\"url\":\"https:\/\/thelabcareer.com\/\",\"name\":\"The Lab Career\",\"description\":\"\",\"publisher\":{\"@id\":\"https:\/\/thelabcareer.com\/#organization\"},\"potentialAction\":[{\"@type\":\"SearchAction\",\"target\":{\"@type\":\"EntryPoint\",\"urlTemplate\":\"https:\/\/thelabcareer.com\/?s={search_term_string}\"},\"query-input\":\"required name=search_term_string\"}],\"inLanguage\":\"fr-FR\"},{\"@type\":\"Organization\",\"@id\":\"https:\/\/thelabcareer.com\/#organization\",\"name\":\"The Lab Career\",\"url\":\"https:\/\/thelabcareer.com\/\",\"logo\":{\"@type\":\"ImageObject\",\"inLanguage\":\"fr-FR\",\"@id\":\"https:\/\/thelabcareer.com\/#\/schema\/logo\/image\/\",\"url\":\"https:\/\/thelabcareer.com\/wp-content\/uploads\/sites\/471\/2025\/12\/cropped-cropped-cropped-thelabcareer-logo.png\",\"contentUrl\":\"https:\/\/thelabcareer.com\/wp-content\/uploads\/sites\/471\/2025\/12\/cropped-cropped-cropped-thelabcareer-logo.png\",\"width\":255,\"height\":364,\"caption\":\"The Lab Career\"},\"image\":{\"@id\":\"https:\/\/thelabcareer.com\/#\/schema\/logo\/image\/\"}},{\"@type\":\"Person\",\"@id\":\"https:\/\/thelabcareer.com\/#\/schema\/person\/d52888235fd6563bd07d97185d6a61e4\",\"name\":\"Bruno Gianni\",\"image\":{\"@type\":\"ImageObject\",\"inLanguage\":\"fr-FR\",\"@id\":\"https:\/\/thelabcareer.com\/#\/schema\/person\/image\/\",\"url\":\"https:\/\/secure.gravatar.com\/avatar\/0f5d42d7bf77874643c1478932860e3f?s=96&d=mm&r=g\",\"contentUrl\":\"https:\/\/secure.gravatar.com\/avatar\/0f5d42d7bf77874643c1478932860e3f?s=96&d=mm&r=g\",\"caption\":\"Bruno Gianni\"},\"description\":\"Bruno writes the way he lives, with curiosity, care, and respect for people. He likes to observe, listen, and try to understand what is happening on the other side before putting any words on the page.For him, writing is not about impressing, but about getting closer. It is about turning thoughts into something simple, clear, and real. Every text is an ongoing conversation, created with care and honesty, with the sincere intention of touching someone, somewhere along the way.\",\"url\":\"https:\/\/thelabcareer.com\/fr\/author\/bcgianni\/\"}]}<\/script>\n<!-- \/ Yoast SEO plugin. -->","yoast_head_json":{"title":"Contador general \u2013 Sueldo competitivo y crecimiento profesional para titulados - The Lab Career","robots":{"index":"index","follow":"follow","max-snippet":"max-snippet:-1","max-image-preview":"max-image-preview:large","max-video-preview":"max-video-preview:-1"},"canonical":"https:\/\/thelabcareer.com\/fr\/03647efe-5b65-4ffd-94cd-cb6f4610dafa\/","og_locale":"fr_FR","og_type":"article","og_title":"Contador general \u2013 Sueldo competitivo y crecimiento profesional para titulados - The Lab Career","og_description":"Vacante para contador general: $16,000 netos mensuales, prestaciones de ley, home office, jornada flexible y oportunidades de crecimiento profesional. Post\u00falate y haz crecer tu carrera contable.","og_url":"https:\/\/thelabcareer.com\/fr\/03647efe-5b65-4ffd-94cd-cb6f4610dafa\/","og_site_name":"The Lab Career","article_published_time":"2026-04-16T00:11:00+00:00","article_modified_time":"2026-04-16T00:11:51+00:00","author":"Bruno Gianni","twitter_card":"summary_large_image","twitter_misc":{"Written by":"Bruno Gianni","Est. reading time":"2 minutes"},"schema":{"@context":"https:\/\/schema.org","@graph":[{"@type":"Article","@id":"https:\/\/thelabcareer.com\/03647efe-5b65-4ffd-94cd-cb6f4610dafa\/#article","isPartOf":{"@id":"https:\/\/thelabcareer.com\/03647efe-5b65-4ffd-94cd-cb6f4610dafa\/"},"author":{"name":"Bruno Gianni","@id":"https:\/\/thelabcareer.com\/#\/schema\/person\/d52888235fd6563bd07d97185d6a61e4"},"headline":"Contador general \u2013 Sueldo competitivo y crecimiento profesional para titulados","datePublished":"2026-04-16T00:11:00+00:00","dateModified":"2026-04-16T00:11:51+00:00","mainEntityOfPage":{"@id":"https:\/\/thelabcareer.com\/03647efe-5b65-4ffd-94cd-cb6f4610dafa\/"},"wordCount":456,"commentCount":0,"publisher":{"@id":"https:\/\/thelabcareer.com\/#organization"},"articleSection":["Hidden"],"inLanguage":"fr-FR","potentialAction":[{"@type":"CommentAction","name":"Comment","target":["https:\/\/thelabcareer.com\/03647efe-5b65-4ffd-94cd-cb6f4610dafa\/#respond"]}]},{"@type":"WebPage","@id":"https:\/\/thelabcareer.com\/03647efe-5b65-4ffd-94cd-cb6f4610dafa\/","url":"https:\/\/thelabcareer.com\/03647efe-5b65-4ffd-94cd-cb6f4610dafa\/","name":"Contador general \u2013 Sueldo competitivo y crecimiento profesional para titulados - The Lab Career","isPartOf":{"@id":"https:\/\/thelabcareer.com\/#website"},"datePublished":"2026-04-16T00:11:00+00:00","dateModified":"2026-04-16T00:11:51+00:00","breadcrumb":{"@id":"https:\/\/thelabcareer.com\/03647efe-5b65-4ffd-94cd-cb6f4610dafa\/#breadcrumb"},"inLanguage":"fr-FR","potentialAction":[{"@type":"ReadAction","target":["https:\/\/thelabcareer.com\/03647efe-5b65-4ffd-94cd-cb6f4610dafa\/"]}]},{"@type":"BreadcrumbList","@id":"https:\/\/thelabcareer.com\/03647efe-5b65-4ffd-94cd-cb6f4610dafa\/#breadcrumb","itemListElement":[{"@type":"ListItem","position":1,"name":"Home","item":"https:\/\/thelabcareer.com\/"},{"@type":"ListItem","position":2,"name":"Contador general \u2013 Sueldo competitivo y crecimiento profesional para titulados"}]},{"@type":"WebSite","@id":"https:\/\/thelabcareer.com\/#website","url":"https:\/\/thelabcareer.com\/","name":"The Lab Career","description":"","publisher":{"@id":"https:\/\/thelabcareer.com\/#organization"},"potentialAction":[{"@type":"SearchAction","target":{"@type":"EntryPoint","urlTemplate":"https:\/\/thelabcareer.com\/?s={search_term_string}"},"query-input":"required name=search_term_string"}],"inLanguage":"fr-FR"},{"@type":"Organization","@id":"https:\/\/thelabcareer.com\/#organization","name":"The Lab Career","url":"https:\/\/thelabcareer.com\/","logo":{"@type":"ImageObject","inLanguage":"fr-FR","@id":"https:\/\/thelabcareer.com\/#\/schema\/logo\/image\/","url":"https:\/\/thelabcareer.com\/wp-content\/uploads\/sites\/471\/2025\/12\/cropped-cropped-cropped-thelabcareer-logo.png","contentUrl":"https:\/\/thelabcareer.com\/wp-content\/uploads\/sites\/471\/2025\/12\/cropped-cropped-cropped-thelabcareer-logo.png","width":255,"height":364,"caption":"The Lab Career"},"image":{"@id":"https:\/\/thelabcareer.com\/#\/schema\/logo\/image\/"}},{"@type":"Person","@id":"https:\/\/thelabcareer.com\/#\/schema\/person\/d52888235fd6563bd07d97185d6a61e4","name":"Bruno Gianni","image":{"@type":"ImageObject","inLanguage":"fr-FR","@id":"https:\/\/thelabcareer.com\/#\/schema\/person\/image\/","url":"https:\/\/secure.gravatar.com\/avatar\/0f5d42d7bf77874643c1478932860e3f?s=96&d=mm&r=g","contentUrl":"https:\/\/secure.gravatar.com\/avatar\/0f5d42d7bf77874643c1478932860e3f?s=96&d=mm&r=g","caption":"Bruno Gianni"},"description":"Bruno writes the way he lives, with curiosity, care, and respect for people. He likes to observe, listen, and try to understand what is happening on the other side before putting any words on the page.For him, writing is not about impressing, but about getting closer. It is about turning thoughts into something simple, clear, and real. Every text is an ongoing conversation, created with care and honesty, with the sincere intention of touching someone, somewhere along the way.","url":"https:\/\/thelabcareer.com\/fr\/author\/bcgianni\/"}]}},"uagb_featured_image_src":{"full":false,"thumbnail":false,"medium":false,"medium_large":false,"large":false,"1536x1536":false,"2048x2048":false,"trp-custom-language-flag":false},"uagb_author_info":{"display_name":"Bruno Gianni","author_link":"https:\/\/thelabcareer.com\/fr\/author\/bcgianni\/"},"uagb_comment_info":0,"uagb_excerpt":"Vacante para contador general: $16,000 netos mensuales, prestaciones de ley, home office, jornada flexible y oportunidades de crecimiento profesional. Post\u00falate y haz crecer tu carrera contable.","_links":{"self":[{"href":"https:\/\/thelabcareer.com\/fr\/wp-json\/wp\/v2\/posts\/12172"}],"collection":[{"href":"https:\/\/thelabcareer.com\/fr\/wp-json\/wp\/v2\/posts"}],"about":[{"href":"https:\/\/thelabcareer.com\/fr\/wp-json\/wp\/v2\/types\/post"}],"author":[{"embeddable":true,"href":"https:\/\/thelabcareer.com\/fr\/wp-json\/wp\/v2\/users\/3"}],"replies":[{"embeddable":true,"href":"https:\/\/thelabcareer.com\/fr\/wp-json\/wp\/v2\/comments?post=12172"}],"version-history":[{"count":1,"href":"https:\/\/thelabcareer.com\/fr\/wp-json\/wp\/v2\/posts\/12172\/revisions"}],"predecessor-version":[{"id":12177,"href":"https:\/\/thelabcareer.com\/fr\/wp-json\/wp\/v2\/posts\/12172\/revisions\/12177"}],"wp:attachment":[{"href":"https:\/\/thelabcareer.com\/fr\/wp-json\/wp\/v2\/media?parent=12172"}],"wp:term":[{"taxonomy":"category","embeddable":true,"href":"https:\/\/thelabcareer.com\/fr\/wp-json\/wp\/v2\/categories?post=12172"},{"taxonomy":"post_tag","embeddable":true,"href":"https:\/\/thelabcareer.com\/fr\/wp-json\/wp\/v2\/tags?post=12172"}],"curies":[{"name":"wp","href":"https:\/\/api.w.org\/{rel}","templated":true}]}}