{"id":12051,"date":"2026-04-15T05:00:00","date_gmt":"2026-04-15T05:00:00","guid":{"rendered":"https:\/\/thelabcareer.com\/a985f6b1-c92b-4c7c-8f2a-526cf09fff02\/"},"modified":"2026-04-15T05:00:40","modified_gmt":"2026-04-15T05:00:40","slug":"a985f6b1-c92b-4c7c-8f2a-526cf09fff02","status":"publish","type":"post","link":"https:\/\/thelabcareer.com\/fr\/a985f6b1-c92b-4c7c-8f2a-526cf09fff02\/","title":{"rendered":"Coordinador administrativo: $12,000, experiencia en facturaci\u00f3n y crecimiento"},"content":{"rendered":"<\/p>\n<\/p>\n<div style=\"background: #ffffff; border-radius: 12px; box-shadow: 0 10px 30px rgba(0, 0, 0, 0.1); width: 100%; max-width: 340px; padding: 25px; transition: transform 0.3s ease-in-out; overflow: visible; display: flex; flex-direction: column; position: relative; border: 1px solid #28a745; margin-top: 70px; margin-bottom: 50px; margin-left: auto; margin-right: auto;\">\n<div style=\"position: absolute; top: -35px; right: 15px; color: #28a745; padding: 5px 10px; border-radius: 6px; font-size: 14px; font-weight: bold; display: flex; align-items: center; z-index: 10;\">Recommand\u00e9 pour toi<\/div>\n<div data-namespace-header=\"\" style=\"\">\n<h3 data-namespace-title=\"\" style=\"color: #333; font-size: 20px; font-weight: bold; text-align: left; margin-right: 50px; min-height: 50px; margin-top: 0px;\">Coordinador administrativo<\/h3>\n<\/p><\/div>\n<p data-namespace-prompt=\"\" style=\"font-size: 16px; color: #666; margin-bottom: 20px; line-height: 1.5; flex-grow: 1; text-align: left; margin-top: 0px;\">Manejo de facturaci\u00f3n, cartera, atenci\u00f3n al cliente, control de almac\u00e9n y registro de gastos. Contrato indefinido. Carrera en crecimiento. Requiere bachillerato.<\/p>\n<p>    <a data-namespace-url=\"\" href=\"https:\/\/thelabcareer.com\/fr\/redirect\/?https:\/\/mx.computrabajo.com\/ofertas-de-trabajo\/oferta-de-trabajo-de-coordinador-administrativo-experiencia-en-facturacion-en-benito-juarez-5865A0FEE8D8485661373E686DCF3405?utm_campaign=google_jobs_apply&#038;utm_source=google_jobs_apply&#038;utm_medium=organic\" style=\"width: 100%; display: inline-block; color: white; text-decoration: none; border-radius: 6px; font-size: 16px; font-weight: bold; text-align: center; transition: transform 0.3s ease, background 0.3s ease; margin-top: auto;\" data-namespace-id=\"5c0d2565-3ba9-4280-a382-ad2a691e2285\"><br \/>\n        <button style=\"width: 100%; height: 55px; background: #e9e9ed; border: 1px solid black; color: black;\">Postularte al empleo<\/button><br \/>\n    <\/a><br \/>\n    <small style=\"margin-top: 10px; color: #777; font-size: 12px; text-align: center; display: block;\">Ser\u00e1s redirig\u00e9 vers un autre site<\/small>\n<\/div>\n<p>Esta vacante para coordinador administrativo ofrece un salario mensual de $12,000 y un contrato por tiempo indefinido, lo cual brinda estabilidad y oportunidades a largo plazo para desarrollarse profesionalmente en un ambiente din\u00e1mico. El puesto requiere jornada completa y es ideal para quienes cuentan con conocimientos b\u00e1sicos de administraci\u00f3n y facturaci\u00f3n, pues el empleador recibe candidatos con menos de un a\u00f1o de experiencia.<\/p>\n<h2>Responsabilit\u00e9s et responsabilit\u00e9s principales<\/h2>\n<p>La persona seleccionada ser\u00e1 responsable de manejar procesos de facturaci\u00f3n y atender dudas de clientes de manera eficiente. Es indispensable llevar un control preciso del almac\u00e9n, registrar gastos operativos y dar seguimiento puntual a la recuperaci\u00f3n de cartera.<\/p>\n<p>Se espera que el coordinador tome decisiones diariamente relacionadas con la administraci\u00f3n de documentos, facturaci\u00f3n electr\u00f3nica y gestiones administrativas de rutina. Adem\u00e1s, se valoran habilidades en Microsoft Excel y experiencia en tareas administrativas b\u00e1sicas.<\/p>\n<p>El manejo de reportes y el registro financiero juegan un papel protag\u00f3nico, ayudando al equipo operativo a cumplir con los objetivos de la empresa. El trato directo con clientes y la gesti\u00f3n de documentos como facturas son parte clave.<\/p>\n<p>Completar tareas administrativas y colaborar con distintos departamentos requiere iniciativa, autonom\u00eda y organizaci\u00f3n. El puesto puede ofrecer variedad en las actividades diarias y desaf\u00edos interesantes para quienes buscan aprender m\u00e1s sobre administraci\u00f3n.<\/p>\n<h2>Ventajas del puesto<\/h2>\n<p>Una de las principales ventajas de este empleo es la oportunidad de crecimiento, pues la empresa se encuentra en plena fase de expansi\u00f3n. Aprender\u00e1s diferentes \u00e1reas administrativas en el entorno de una empresa consolidada.<\/p>\n<p>El contrato estable garantiza seguridad laboral y la posibilidad de estabilidad financiera. La exigencia de solo bachillerato facilita el acceso a quienes tienen experiencia b\u00e1sica pero buscan desarrollarse.<\/p>\n<h2>Aspectos a considerar<\/h2>\n<p>Como toda posici\u00f3n administrativa, se pueden presentar picos de trabajo durante cierres de mes o temporadas altas. Puede ser desafiante mantener el control de gastos y cumplir con toda la facturaci\u00f3n bajo presi\u00f3n.<\/p>\n<p>Adem\u00e1s, la recuperaci\u00f3n de cartera puede implicar contacto con clientes morosos o situaciones inc\u00f3modas, requiriendo paciencia y buen manejo de conflictos.<\/p>\n<h2>Veredicto final<\/h2>\n<p>Este puesto de coordinador administrativo es ideal para quienes buscan un primer paso s\u00f3lido en administraci\u00f3n. Da base para crecer y aprender con respaldo de la empresa, aunque puede exigir buena gesti\u00f3n del tiempo y atenci\u00f3n al detalle.<\/p>\n<div style=\"background: #ffffff; border-radius: 12px; box-shadow: 0 10px 30px rgba(0, 0, 0, 0.1); width: 100%; max-width: 340px; padding: 25px; transition: transform 0.3s ease-in-out; overflow: visible; display: flex; flex-direction: column; position: relative; border: 1px solid #28a745; margin-top: 70px; margin-bottom: 50px; margin-left: auto; margin-right: auto;\">\n<div style=\"position: absolute; top: -35px; right: 15px; color: #28a745; padding: 5px 10px; border-radius: 6px; font-size: 14px; font-weight: bold; display: flex; align-items: center; z-index: 10;\">Recommand\u00e9 pour toi<\/div>\n<div data-namespace-header=\"\" style=\"\">\n<h3 data-namespace-title=\"\" style=\"color: #333; font-size: 20px; font-weight: bold; text-align: left; margin-right: 50px; min-height: 50px; margin-top: 0px;\">Coordinador administrativo<\/h3>\n<\/p><\/div>\n<p data-namespace-prompt=\"\" style=\"font-size: 16px; color: #666; margin-bottom: 20px; line-height: 1.5; flex-grow: 1; text-align: left; margin-top: 0px;\">Manejo de facturaci\u00f3n, cartera, atenci\u00f3n al cliente, control de almac\u00e9n y registro de gastos. Contrato indefinido. Carrera en crecimiento. Requiere bachillerato.<\/p>\n<p>    <a data-namespace-url=\"\" href=\"https:\/\/thelabcareer.com\/fr\/redirect\/?https:\/\/mx.computrabajo.com\/ofertas-de-trabajo\/oferta-de-trabajo-de-coordinador-administrativo-experiencia-en-facturacion-en-benito-juarez-5865A0FEE8D8485661373E686DCF3405?utm_campaign=google_jobs_apply&#038;utm_source=google_jobs_apply&#038;utm_medium=organic\" style=\"width: 100%; display: inline-block; color: white; text-decoration: none; border-radius: 6px; font-size: 16px; font-weight: bold; text-align: center; transition: transform 0.3s ease, background 0.3s ease; margin-top: auto;\" data-namespace-id=\"5c0d2565-3ba9-4280-a382-ad2a691e2285\"><br \/>\n        <button style=\"width: 100%; height: 55px; background: #e9e9ed; border: 1px solid black; color: black;\">Postularte al empleo<\/button><br \/>\n    <\/a><br \/>\n    <small style=\"margin-top: 10px; color: #777; font-size: 12px; text-align: center; display: block;\">Ser\u00e1s redirig\u00e9 vers un autre site<\/small>\n<\/div>","protected":false},"excerpt":{"rendered":"<p>Conoce la vacante de coordinador administrativo con $12,000 mensuales, contrato estable y enfoque en facturaci\u00f3n. \u00a1Desarrolla tu carrera en administraci\u00f3n y aprende en una empresa s\u00f3lida!<\/p>","protected":false},"author":3,"featured_media":0,"comment_status":"open","ping_status":"open","sticky":false,"template":"","format":"standard","meta":{"_uag_custom_page_level_css":"","site-sidebar-layout":"default","site-content-layout":"","ast-site-content-layout":"","site-content-style":"default","site-sidebar-style":"default","ast-global-header-display":"","ast-banner-title-visibility":"","ast-main-header-display":"","ast-hfb-above-header-display":"","ast-hfb-below-header-display":"","ast-hfb-mobile-header-display":"","site-post-title":"","ast-breadcrumbs-content":"","ast-featured-img":"","footer-sml-layout":"","theme-transparent-header-meta":"","adv-header-id-meta":"","stick-header-meta":"","header-above-stick-meta":"","header-main-stick-meta":"","header-below-stick-meta":"","astra-migrate-meta-layouts":"default","ast-page-background-enabled":"default","ast-page-background-meta":{"desktop":{"background-color":"var(--ast-global-color-4)","background-image":"","background-repeat":"repeat","background-position":"center center","background-size":"auto","background-attachment":"scroll","background-type":"","background-media":"","overlay-type":"","overlay-color":"","overlay-opacity":"","overlay-gradient":""},"tablet":{"background-color":"","background-image":"","background-repeat":"repeat","background-position":"center center","background-size":"auto","background-attachment":"scroll","background-type":"","background-media":"","overlay-type":"","overlay-color":"","overlay-opacity":"","overlay-gradient":""},"mobile":{"background-color":"","background-image":"","background-repeat":"repeat","background-position":"center center","background-size":"auto","background-attachment":"scroll","background-type":"","background-media":"","overlay-type":"","overlay-color":"","overlay-opacity":"","overlay-gradient":""}},"ast-content-background-meta":{"desktop":{"background-color":"var(--ast-global-color-5)","background-image":"","background-repeat":"repeat","background-position":"center center","background-size":"auto","background-attachment":"scroll","background-type":"","background-media":"","overlay-type":"","overlay-color":"","overlay-opacity":"","overlay-gradient":""},"tablet":{"background-color":"var(--ast-global-color-5)","background-image":"","background-repeat":"repeat","background-position":"center center","background-size":"auto","background-attachment":"scroll","background-type":"","background-media":"","overlay-type":"","overlay-color":"","overlay-opacity":"","overlay-gradient":""},"mobile":{"background-color":"var(--ast-global-color-5)","background-image":"","background-repeat":"repeat","background-position":"center center","background-size":"auto","background-attachment":"scroll","background-type":"","background-media":"","overlay-type":"","overlay-color":"","overlay-opacity":"","overlay-gradient":""}},"footnotes":""},"categories":[10],"tags":[],"yoast_head":"<!-- This site is optimized with the Yoast SEO plugin v23.3 - https:\/\/yoast.com\/wordpress\/plugins\/seo\/ -->\n<title>Coordinador administrativo: $12,000, experiencia en facturaci\u00f3n y crecimiento - The Lab Career<\/title>\n<meta name=\"robots\" content=\"index, follow, max-snippet:-1, max-image-preview:large, max-video-preview:-1\" \/>\n<link rel=\"canonical\" href=\"https:\/\/thelabcareer.com\/fr\/a985f6b1-c92b-4c7c-8f2a-526cf09fff02\/\" \/>\n<meta property=\"og:locale\" content=\"fr_FR\" \/>\n<meta property=\"og:type\" content=\"article\" \/>\n<meta property=\"og:title\" content=\"Coordinador administrativo: $12,000, experiencia en facturaci\u00f3n y crecimiento - The Lab Career\" \/>\n<meta property=\"og:description\" content=\"Conoce la vacante de coordinador administrativo con $12,000 mensuales, contrato estable y enfoque en facturaci\u00f3n. \u00a1Desarrolla tu carrera en administraci\u00f3n y aprende en una empresa s\u00f3lida!\" \/>\n<meta property=\"og:url\" content=\"https:\/\/thelabcareer.com\/fr\/a985f6b1-c92b-4c7c-8f2a-526cf09fff02\/\" \/>\n<meta property=\"og:site_name\" content=\"The Lab Career\" \/>\n<meta property=\"article:published_time\" content=\"2026-04-15T05:00:00+00:00\" \/>\n<meta property=\"article:modified_time\" content=\"2026-04-15T05:00:40+00:00\" \/>\n<meta name=\"author\" content=\"Bruno Gianni\" \/>\n<meta name=\"twitter:card\" content=\"summary_large_image\" \/>\n<meta name=\"twitter:label1\" content=\"Written by\" \/>\n\t<meta name=\"twitter:data1\" content=\"Bruno Gianni\" \/>\n\t<meta name=\"twitter:label2\" content=\"Est. reading time\" \/>\n\t<meta name=\"twitter:data2\" content=\"2 minutes\" \/>\n<script type=\"application\/ld+json\" class=\"yoast-schema-graph\">{\"@context\":\"https:\/\/schema.org\",\"@graph\":[{\"@type\":\"Article\",\"@id\":\"https:\/\/thelabcareer.com\/a985f6b1-c92b-4c7c-8f2a-526cf09fff02\/#article\",\"isPartOf\":{\"@id\":\"https:\/\/thelabcareer.com\/a985f6b1-c92b-4c7c-8f2a-526cf09fff02\/\"},\"author\":{\"name\":\"Bruno Gianni\",\"@id\":\"https:\/\/thelabcareer.com\/#\/schema\/person\/d52888235fd6563bd07d97185d6a61e4\"},\"headline\":\"Coordinador administrativo: $12,000, experiencia en facturaci\u00f3n y crecimiento\",\"datePublished\":\"2026-04-15T05:00:00+00:00\",\"dateModified\":\"2026-04-15T05:00:40+00:00\",\"mainEntityOfPage\":{\"@id\":\"https:\/\/thelabcareer.com\/a985f6b1-c92b-4c7c-8f2a-526cf09fff02\/\"},\"wordCount\":488,\"commentCount\":0,\"publisher\":{\"@id\":\"https:\/\/thelabcareer.com\/#organization\"},\"articleSection\":[\"Hidden\"],\"inLanguage\":\"fr-FR\",\"potentialAction\":[{\"@type\":\"CommentAction\",\"name\":\"Comment\",\"target\":[\"https:\/\/thelabcareer.com\/a985f6b1-c92b-4c7c-8f2a-526cf09fff02\/#respond\"]}]},{\"@type\":\"WebPage\",\"@id\":\"https:\/\/thelabcareer.com\/a985f6b1-c92b-4c7c-8f2a-526cf09fff02\/\",\"url\":\"https:\/\/thelabcareer.com\/a985f6b1-c92b-4c7c-8f2a-526cf09fff02\/\",\"name\":\"Coordinador administrativo: $12,000, experiencia en facturaci\u00f3n y crecimiento - The Lab Career\",\"isPartOf\":{\"@id\":\"https:\/\/thelabcareer.com\/#website\"},\"datePublished\":\"2026-04-15T05:00:00+00:00\",\"dateModified\":\"2026-04-15T05:00:40+00:00\",\"breadcrumb\":{\"@id\":\"https:\/\/thelabcareer.com\/a985f6b1-c92b-4c7c-8f2a-526cf09fff02\/#breadcrumb\"},\"inLanguage\":\"fr-FR\",\"potentialAction\":[{\"@type\":\"ReadAction\",\"target\":[\"https:\/\/thelabcareer.com\/a985f6b1-c92b-4c7c-8f2a-526cf09fff02\/\"]}]},{\"@type\":\"BreadcrumbList\",\"@id\":\"https:\/\/thelabcareer.com\/a985f6b1-c92b-4c7c-8f2a-526cf09fff02\/#breadcrumb\",\"itemListElement\":[{\"@type\":\"ListItem\",\"position\":1,\"name\":\"Home\",\"item\":\"https:\/\/thelabcareer.com\/\"},{\"@type\":\"ListItem\",\"position\":2,\"name\":\"Coordinador administrativo: $12,000, experiencia en facturaci\u00f3n y crecimiento\"}]},{\"@type\":\"WebSite\",\"@id\":\"https:\/\/thelabcareer.com\/#website\",\"url\":\"https:\/\/thelabcareer.com\/\",\"name\":\"The Lab Career\",\"description\":\"\",\"publisher\":{\"@id\":\"https:\/\/thelabcareer.com\/#organization\"},\"potentialAction\":[{\"@type\":\"SearchAction\",\"target\":{\"@type\":\"EntryPoint\",\"urlTemplate\":\"https:\/\/thelabcareer.com\/?s={search_term_string}\"},\"query-input\":\"required name=search_term_string\"}],\"inLanguage\":\"fr-FR\"},{\"@type\":\"Organization\",\"@id\":\"https:\/\/thelabcareer.com\/#organization\",\"name\":\"The Lab Career\",\"url\":\"https:\/\/thelabcareer.com\/\",\"logo\":{\"@type\":\"ImageObject\",\"inLanguage\":\"fr-FR\",\"@id\":\"https:\/\/thelabcareer.com\/#\/schema\/logo\/image\/\",\"url\":\"https:\/\/thelabcareer.com\/wp-content\/uploads\/sites\/471\/2025\/12\/cropped-cropped-cropped-thelabcareer-logo.png\",\"contentUrl\":\"https:\/\/thelabcareer.com\/wp-content\/uploads\/sites\/471\/2025\/12\/cropped-cropped-cropped-thelabcareer-logo.png\",\"width\":255,\"height\":364,\"caption\":\"The Lab Career\"},\"image\":{\"@id\":\"https:\/\/thelabcareer.com\/#\/schema\/logo\/image\/\"}},{\"@type\":\"Person\",\"@id\":\"https:\/\/thelabcareer.com\/#\/schema\/person\/d52888235fd6563bd07d97185d6a61e4\",\"name\":\"Bruno Gianni\",\"image\":{\"@type\":\"ImageObject\",\"inLanguage\":\"fr-FR\",\"@id\":\"https:\/\/thelabcareer.com\/#\/schema\/person\/image\/\",\"url\":\"https:\/\/secure.gravatar.com\/avatar\/0f5d42d7bf77874643c1478932860e3f?s=96&d=mm&r=g\",\"contentUrl\":\"https:\/\/secure.gravatar.com\/avatar\/0f5d42d7bf77874643c1478932860e3f?s=96&d=mm&r=g\",\"caption\":\"Bruno Gianni\"},\"description\":\"Bruno writes the way he lives, with curiosity, care, and respect for people. He likes to observe, listen, and try to understand what is happening on the other side before putting any words on the page.For him, writing is not about impressing, but about getting closer. It is about turning thoughts into something simple, clear, and real. Every text is an ongoing conversation, created with care and honesty, with the sincere intention of touching someone, somewhere along the way.\",\"url\":\"https:\/\/thelabcareer.com\/fr\/author\/bcgianni\/\"}]}<\/script>\n<!-- \/ Yoast SEO plugin. -->","yoast_head_json":{"title":"Coordinador administrativo: $12,000, experiencia en facturaci\u00f3n y crecimiento - The Lab Career","robots":{"index":"index","follow":"follow","max-snippet":"max-snippet:-1","max-image-preview":"max-image-preview:large","max-video-preview":"max-video-preview:-1"},"canonical":"https:\/\/thelabcareer.com\/fr\/a985f6b1-c92b-4c7c-8f2a-526cf09fff02\/","og_locale":"fr_FR","og_type":"article","og_title":"Coordinador administrativo: $12,000, experiencia en facturaci\u00f3n y crecimiento - The Lab Career","og_description":"Conoce la vacante de coordinador administrativo con $12,000 mensuales, contrato estable y enfoque en facturaci\u00f3n. \u00a1Desarrolla tu carrera en administraci\u00f3n y aprende en una empresa s\u00f3lida!","og_url":"https:\/\/thelabcareer.com\/fr\/a985f6b1-c92b-4c7c-8f2a-526cf09fff02\/","og_site_name":"The Lab Career","article_published_time":"2026-04-15T05:00:00+00:00","article_modified_time":"2026-04-15T05:00:40+00:00","author":"Bruno Gianni","twitter_card":"summary_large_image","twitter_misc":{"Written by":"Bruno Gianni","Est. reading time":"2 minutes"},"schema":{"@context":"https:\/\/schema.org","@graph":[{"@type":"Article","@id":"https:\/\/thelabcareer.com\/a985f6b1-c92b-4c7c-8f2a-526cf09fff02\/#article","isPartOf":{"@id":"https:\/\/thelabcareer.com\/a985f6b1-c92b-4c7c-8f2a-526cf09fff02\/"},"author":{"name":"Bruno Gianni","@id":"https:\/\/thelabcareer.com\/#\/schema\/person\/d52888235fd6563bd07d97185d6a61e4"},"headline":"Coordinador administrativo: $12,000, experiencia en facturaci\u00f3n y crecimiento","datePublished":"2026-04-15T05:00:00+00:00","dateModified":"2026-04-15T05:00:40+00:00","mainEntityOfPage":{"@id":"https:\/\/thelabcareer.com\/a985f6b1-c92b-4c7c-8f2a-526cf09fff02\/"},"wordCount":488,"commentCount":0,"publisher":{"@id":"https:\/\/thelabcareer.com\/#organization"},"articleSection":["Hidden"],"inLanguage":"fr-FR","potentialAction":[{"@type":"CommentAction","name":"Comment","target":["https:\/\/thelabcareer.com\/a985f6b1-c92b-4c7c-8f2a-526cf09fff02\/#respond"]}]},{"@type":"WebPage","@id":"https:\/\/thelabcareer.com\/a985f6b1-c92b-4c7c-8f2a-526cf09fff02\/","url":"https:\/\/thelabcareer.com\/a985f6b1-c92b-4c7c-8f2a-526cf09fff02\/","name":"Coordinador administrativo: $12,000, experiencia en facturaci\u00f3n y crecimiento - The Lab Career","isPartOf":{"@id":"https:\/\/thelabcareer.com\/#website"},"datePublished":"2026-04-15T05:00:00+00:00","dateModified":"2026-04-15T05:00:40+00:00","breadcrumb":{"@id":"https:\/\/thelabcareer.com\/a985f6b1-c92b-4c7c-8f2a-526cf09fff02\/#breadcrumb"},"inLanguage":"fr-FR","potentialAction":[{"@type":"ReadAction","target":["https:\/\/thelabcareer.com\/a985f6b1-c92b-4c7c-8f2a-526cf09fff02\/"]}]},{"@type":"BreadcrumbList","@id":"https:\/\/thelabcareer.com\/a985f6b1-c92b-4c7c-8f2a-526cf09fff02\/#breadcrumb","itemListElement":[{"@type":"ListItem","position":1,"name":"Home","item":"https:\/\/thelabcareer.com\/"},{"@type":"ListItem","position":2,"name":"Coordinador administrativo: $12,000, experiencia en facturaci\u00f3n y crecimiento"}]},{"@type":"WebSite","@id":"https:\/\/thelabcareer.com\/#website","url":"https:\/\/thelabcareer.com\/","name":"The Lab Career","description":"","publisher":{"@id":"https:\/\/thelabcareer.com\/#organization"},"potentialAction":[{"@type":"SearchAction","target":{"@type":"EntryPoint","urlTemplate":"https:\/\/thelabcareer.com\/?s={search_term_string}"},"query-input":"required name=search_term_string"}],"inLanguage":"fr-FR"},{"@type":"Organization","@id":"https:\/\/thelabcareer.com\/#organization","name":"The Lab Career","url":"https:\/\/thelabcareer.com\/","logo":{"@type":"ImageObject","inLanguage":"fr-FR","@id":"https:\/\/thelabcareer.com\/#\/schema\/logo\/image\/","url":"https:\/\/thelabcareer.com\/wp-content\/uploads\/sites\/471\/2025\/12\/cropped-cropped-cropped-thelabcareer-logo.png","contentUrl":"https:\/\/thelabcareer.com\/wp-content\/uploads\/sites\/471\/2025\/12\/cropped-cropped-cropped-thelabcareer-logo.png","width":255,"height":364,"caption":"The Lab Career"},"image":{"@id":"https:\/\/thelabcareer.com\/#\/schema\/logo\/image\/"}},{"@type":"Person","@id":"https:\/\/thelabcareer.com\/#\/schema\/person\/d52888235fd6563bd07d97185d6a61e4","name":"Bruno Gianni","image":{"@type":"ImageObject","inLanguage":"fr-FR","@id":"https:\/\/thelabcareer.com\/#\/schema\/person\/image\/","url":"https:\/\/secure.gravatar.com\/avatar\/0f5d42d7bf77874643c1478932860e3f?s=96&d=mm&r=g","contentUrl":"https:\/\/secure.gravatar.com\/avatar\/0f5d42d7bf77874643c1478932860e3f?s=96&d=mm&r=g","caption":"Bruno Gianni"},"description":"Bruno writes the way he lives, with curiosity, care, and respect for people. He likes to observe, listen, and try to understand what is happening on the other side before putting any words on the page.For him, writing is not about impressing, but about getting closer. It is about turning thoughts into something simple, clear, and real. Every text is an ongoing conversation, created with care and honesty, with the sincere intention of touching someone, somewhere along the way.","url":"https:\/\/thelabcareer.com\/fr\/author\/bcgianni\/"}]}},"uagb_featured_image_src":{"full":false,"thumbnail":false,"medium":false,"medium_large":false,"large":false,"1536x1536":false,"2048x2048":false,"trp-custom-language-flag":false},"uagb_author_info":{"display_name":"Bruno Gianni","author_link":"https:\/\/thelabcareer.com\/fr\/author\/bcgianni\/"},"uagb_comment_info":0,"uagb_excerpt":"Conoce la vacante de coordinador administrativo con $12,000 mensuales, contrato estable y enfoque en facturaci\u00f3n. \u00a1Desarrolla tu carrera en administraci\u00f3n y aprende en una empresa s\u00f3lida!","_links":{"self":[{"href":"https:\/\/thelabcareer.com\/fr\/wp-json\/wp\/v2\/posts\/12051"}],"collection":[{"href":"https:\/\/thelabcareer.com\/fr\/wp-json\/wp\/v2\/posts"}],"about":[{"href":"https:\/\/thelabcareer.com\/fr\/wp-json\/wp\/v2\/types\/post"}],"author":[{"embeddable":true,"href":"https:\/\/thelabcareer.com\/fr\/wp-json\/wp\/v2\/users\/3"}],"replies":[{"embeddable":true,"href":"https:\/\/thelabcareer.com\/fr\/wp-json\/wp\/v2\/comments?post=12051"}],"version-history":[{"count":1,"href":"https:\/\/thelabcareer.com\/fr\/wp-json\/wp\/v2\/posts\/12051\/revisions"}],"predecessor-version":[{"id":12058,"href":"https:\/\/thelabcareer.com\/fr\/wp-json\/wp\/v2\/posts\/12051\/revisions\/12058"}],"wp:attachment":[{"href":"https:\/\/thelabcareer.com\/fr\/wp-json\/wp\/v2\/media?parent=12051"}],"wp:term":[{"taxonomy":"category","embeddable":true,"href":"https:\/\/thelabcareer.com\/fr\/wp-json\/wp\/v2\/categories?post=12051"},{"taxonomy":"post_tag","embeddable":true,"href":"https:\/\/thelabcareer.com\/fr\/wp-json\/wp\/v2\/tags?post=12051"}],"curies":[{"name":"wp","href":"https:\/\/api.w.org\/{rel}","templated":true}]}}