{"id":11990,"date":"2026-04-15T02:48:00","date_gmt":"2026-04-15T02:48:00","guid":{"rendered":"https:\/\/thelabcareer.com\/9e17813f-f16d-4b16-951e-f8b6950bd195\/"},"modified":"2026-04-15T02:48:53","modified_gmt":"2026-04-15T02:48:53","slug":"9e17813f-f16d-4b16-951e-f8b6950bd195","status":"publish","type":"post","link":"https:\/\/thelabcareer.com\/fr\/9e17813f-f16d-4b16-951e-f8b6950bd195\/","title":{"rendered":"Docente de Dise\u00f1o de Modas: Salario competitivo, contrato fijo y desarrollo profesional"},"content":{"rendered":"<\/p>\n<\/p>\n<div style=\"background: #ffffff; border-radius: 12px; box-shadow: 0 10px 30px rgba(0, 0, 0, 0.1); width: 100%; max-width: 340px; padding: 25px; transition: transform 0.3s ease-in-out; overflow: visible; display: flex; flex-direction: column; position: relative; border: 1px solid #28a745; margin-top: 70px; margin-bottom: 50px; margin-left: auto; margin-right: auto;\">\n<div style=\"position: absolute; top: -35px; right: 15px; color: #28a745; padding: 5px 10px; border-radius: 6px; font-size: 14px; font-weight: bold; display: flex; align-items: center; z-index: 10;\">Recommand\u00e9 pour toi<\/div>\n<div data-namespace-header=\"\" style=\"\">\n<h3 data-namespace-title=\"\" style=\"color: #333; font-size: 20px; font-weight: bold; text-align: left; margin-right: 50px; min-height: 50px; margin-top: 0px;\">Docente de dise\u00f1o de modas<\/h3>\n<\/p><\/div>\n<p data-namespace-prompt=\"\" style=\"font-size: 16px; color: #666; margin-bottom: 20px; line-height: 1.5; flex-grow: 1; text-align: left; margin-top: 0px;\">Inspira y forma futuros creativos. Salario atractivo, contrato fijo y jornada nocturna. Requiere experiencia y pasi\u00f3n por la ense\u00f1anza y la moda.<\/p>\n<p>    <a data-namespace-url=\"\" href=\"https:\/\/thelabcareer.com\/fr\/redirect\/?https:\/\/www.elempleo.com\/co\/ofertas-trabajo\/docente-diseno-de-modas-neiva-1886621167?utm_campaign=google_jobs_apply&#038;utm_source=google_jobs_apply&#038;utm_medium=organic\" style=\"width: 100%; display: inline-block; color: white; text-decoration: none; border-radius: 6px; font-size: 16px; font-weight: bold; text-align: center; transition: transform 0.3s ease, background 0.3s ease; margin-top: auto;\" data-namespace-id=\"5c0d2565-3ba9-4280-a382-ad2a691e2285\"><br \/>\n        <button style=\"width: 100%; height: 55px; background: #e9e9ed; border: 1px solid black; color: black;\">Postularse al empleo<\/button><br \/>\n    <\/a><br \/>\n    <small style=\"margin-top: 10px; color: #777; font-size: 12px; text-align: center; display: block;\">Ser\u00e1s redirigido a otro site web<\/small>\n<\/div>\n<p>La vacante de docente de dise\u00f1o de modas ofrece un paquete salarial de $2,5 a $3 millones, contrato a t\u00e9rmino fijo y horario nocturno a tiempo completo. Est\u00e1 orientada a profesionales con al menos dos a\u00f1os de experiencia en el sector moda y formaci\u00f3n en \u00e1reas relacionadas. La instituci\u00f3n busca un aporte en creatividad y experiencia real para potenciar el crecimiento acad\u00e9mico de los estudiantes.<\/p>\n<h2>Responsabilit\u00e9s et activit\u00e9s principales<\/h2>\n<p>El docente ser\u00e1 responsable de impartir clases te\u00f3ricas y pr\u00e1cticas en dise\u00f1o de modas, abarcando ilustraci\u00f3n, creaci\u00f3n de colecciones y tendencias.<\/p>\n<p>Deber\u00e1 guiar y acompa\u00f1ar a los estudiantes en sus proyectos acad\u00e9micos y de desarrollo personal, evaluando competencias y promoviendo la creatividad.<\/p>\n<p>Participar en actividades extracurriculares que integren pr\u00e1ctica, innovaci\u00f3n y v\u00ednculo con la industria, fortaleciendo la relaci\u00f3n entre el sector productivo y la academia.<\/p>\n<p>El puesto tambi\u00e9n contempla la integraci\u00f3n de recursos digitales, la actualizaci\u00f3n de contenidos y la coordinaci\u00f3n de talleres.<\/p>\n<p>La posici\u00f3n exige proactividad y la habilidad para colaborar en equipo dentro del programa de dise\u00f1o de modas y \u00e1reas afines.<\/p>\n<h2>Ventajas clave del puesto<\/h2>\n<p>Un gran beneficio es el salario competitivo ajustado al perfil y el tipo de vacante en el \u00e1rea educativa, con todas las prestaciones de ley.<\/p>\n<p>Otra ventaja es el crecimiento profesional: la interacci\u00f3n con tendencias, la posibilidad de aplicar innovaci\u00f3n y la formaci\u00f3n continua.<\/p>\n<h2>Posibles desaf\u00edos de la vacante<\/h2>\n<p>El principal reto es la exigencia de actualizaci\u00f3n constante, pues el mundo de la moda evoluciona r\u00e1pidamente y requiere estudio continuo.<\/p>\n<p>Adicionalmente, la jornada nocturna puede dificultar el equilibrio vida-trabajo para quienes prefieren jornadas diurnas.<\/p>\n<h2>Veredicto<\/h2>\n<p>Esta oferta se destaca para quien busque estabilidad, buenos ingresos y quiera trascender, aportando desde su experiencia docente e industrial.<\/p>\n<div style=\"background: #ffffff; border-radius: 12px; box-shadow: 0 10px 30px rgba(0, 0, 0, 0.1); width: 100%; max-width: 340px; padding: 25px; transition: transform 0.3s ease-in-out; overflow: visible; display: flex; flex-direction: column; position: relative; border: 1px solid #28a745; margin-top: 70px; margin-bottom: 50px; margin-left: auto; margin-right: auto;\">\n<div style=\"position: absolute; top: -35px; right: 15px; color: #28a745; padding: 5px 10px; border-radius: 6px; font-size: 14px; font-weight: bold; display: flex; align-items: center; z-index: 10;\">Recommand\u00e9 pour toi<\/div>\n<div data-namespace-header=\"\" style=\"\">\n<h3 data-namespace-title=\"\" style=\"color: #333; font-size: 20px; font-weight: bold; text-align: left; margin-right: 50px; min-height: 50px; margin-top: 0px;\">Docente de dise\u00f1o de modas<\/h3>\n<\/p><\/div>\n<p data-namespace-prompt=\"\" style=\"font-size: 16px; color: #666; margin-bottom: 20px; line-height: 1.5; flex-grow: 1; text-align: left; margin-top: 0px;\">Inspira y forma futuros creativos. Salario atractivo, contrato fijo y jornada nocturna. Requiere experiencia y pasi\u00f3n por la ense\u00f1anza y la moda.<\/p>\n<p>    <a data-namespace-url=\"\" href=\"https:\/\/thelabcareer.com\/fr\/redirect\/?https:\/\/www.elempleo.com\/co\/ofertas-trabajo\/docente-diseno-de-modas-neiva-1886621167?utm_campaign=google_jobs_apply&#038;utm_source=google_jobs_apply&#038;utm_medium=organic\" style=\"width: 100%; display: inline-block; color: white; text-decoration: none; border-radius: 6px; font-size: 16px; font-weight: bold; text-align: center; transition: transform 0.3s ease, background 0.3s ease; margin-top: auto;\" data-namespace-id=\"5c0d2565-3ba9-4280-a382-ad2a691e2285\"><br \/>\n        <button style=\"width: 100%; height: 55px; background: #e9e9ed; border: 1px solid black; color: black;\">Postularse al empleo<\/button><br \/>\n    <\/a><br \/>\n    <small style=\"margin-top: 10px; color: #777; font-size: 12px; text-align: center; display: block;\">Ser\u00e1s redirigido a otro site web<\/small>\n<\/div>","protected":false},"excerpt":{"rendered":"<p>Convi\u00e9rtete en docente de dise\u00f1o de modas. Salario competitivo, contrato fijo y oportunidad de crecer profesionalmente en una reconocida instituci\u00f3n educativa. Requiere experiencia y pasi\u00f3n por la moda.<\/p>","protected":false},"author":3,"featured_media":0,"comment_status":"open","ping_status":"open","sticky":false,"template":"","format":"standard","meta":{"_uag_custom_page_level_css":"","site-sidebar-layout":"default","site-content-layout":"","ast-site-content-layout":"","site-content-style":"default","site-sidebar-style":"default","ast-global-header-display":"","ast-banner-title-visibility":"","ast-main-header-display":"","ast-hfb-above-header-display":"","ast-hfb-below-header-display":"","ast-hfb-mobile-header-display":"","site-post-title":"","ast-breadcrumbs-content":"","ast-featured-img":"","footer-sml-layout":"","theme-transparent-header-meta":"","adv-header-id-meta":"","stick-header-meta":"","header-above-stick-meta":"","header-main-stick-meta":"","header-below-stick-meta":"","astra-migrate-meta-layouts":"default","ast-page-background-enabled":"default","ast-page-background-meta":{"desktop":{"background-color":"var(--ast-global-color-4)","background-image":"","background-repeat":"repeat","background-position":"center center","background-size":"auto","background-attachment":"scroll","background-type":"","background-media":"","overlay-type":"","overlay-color":"","overlay-opacity":"","overlay-gradient":""},"tablet":{"background-color":"","background-image":"","background-repeat":"repeat","background-position":"center center","background-size":"auto","background-attachment":"scroll","background-type":"","background-media":"","overlay-type":"","overlay-color":"","overlay-opacity":"","overlay-gradient":""},"mobile":{"background-color":"","background-image":"","background-repeat":"repeat","background-position":"center center","background-size":"auto","background-attachment":"scroll","background-type":"","background-media":"","overlay-type":"","overlay-color":"","overlay-opacity":"","overlay-gradient":""}},"ast-content-background-meta":{"desktop":{"background-color":"var(--ast-global-color-5)","background-image":"","background-repeat":"repeat","background-position":"center center","background-size":"auto","background-attachment":"scroll","background-type":"","background-media":"","overlay-type":"","overlay-color":"","overlay-opacity":"","overlay-gradient":""},"tablet":{"background-color":"var(--ast-global-color-5)","background-image":"","background-repeat":"repeat","background-position":"center center","background-size":"auto","background-attachment":"scroll","background-type":"","background-media":"","overlay-type":"","overlay-color":"","overlay-opacity":"","overlay-gradient":""},"mobile":{"background-color":"var(--ast-global-color-5)","background-image":"","background-repeat":"repeat","background-position":"center center","background-size":"auto","background-attachment":"scroll","background-type":"","background-media":"","overlay-type":"","overlay-color":"","overlay-opacity":"","overlay-gradient":""}},"footnotes":""},"categories":[10],"tags":[],"yoast_head":"<!-- This site is optimized with the Yoast SEO plugin v23.3 - https:\/\/yoast.com\/wordpress\/plugins\/seo\/ -->\n<title>Docente de Dise\u00f1o de Modas: Salario competitivo, contrato fijo y desarrollo profesional - The Lab Career<\/title>\n<meta name=\"robots\" content=\"index, follow, max-snippet:-1, max-image-preview:large, max-video-preview:-1\" \/>\n<link rel=\"canonical\" href=\"https:\/\/thelabcareer.com\/fr\/9e17813f-f16d-4b16-951e-f8b6950bd195\/\" \/>\n<meta property=\"og:locale\" content=\"fr_FR\" \/>\n<meta property=\"og:type\" content=\"article\" \/>\n<meta property=\"og:title\" content=\"Docente de Dise\u00f1o de Modas: Salario competitivo, contrato fijo y desarrollo profesional - The Lab Career\" \/>\n<meta property=\"og:description\" content=\"Convi\u00e9rtete en docente de dise\u00f1o de modas. Salario competitivo, contrato fijo y oportunidad de crecer profesionalmente en una reconocida instituci\u00f3n educativa. Requiere experiencia y pasi\u00f3n por la moda.\" \/>\n<meta property=\"og:url\" content=\"https:\/\/thelabcareer.com\/fr\/9e17813f-f16d-4b16-951e-f8b6950bd195\/\" \/>\n<meta property=\"og:site_name\" content=\"The Lab Career\" \/>\n<meta property=\"article:published_time\" content=\"2026-04-15T02:48:00+00:00\" \/>\n<meta property=\"article:modified_time\" content=\"2026-04-15T02:48:53+00:00\" \/>\n<meta name=\"author\" content=\"Bruno Gianni\" \/>\n<meta name=\"twitter:card\" content=\"summary_large_image\" \/>\n<meta name=\"twitter:label1\" content=\"Written by\" \/>\n\t<meta name=\"twitter:data1\" content=\"Bruno Gianni\" \/>\n\t<meta name=\"twitter:label2\" content=\"Est. reading time\" \/>\n\t<meta name=\"twitter:data2\" content=\"2 minutes\" \/>\n<script type=\"application\/ld+json\" class=\"yoast-schema-graph\">{\"@context\":\"https:\/\/schema.org\",\"@graph\":[{\"@type\":\"Article\",\"@id\":\"https:\/\/thelabcareer.com\/9e17813f-f16d-4b16-951e-f8b6950bd195\/#article\",\"isPartOf\":{\"@id\":\"https:\/\/thelabcareer.com\/9e17813f-f16d-4b16-951e-f8b6950bd195\/\"},\"author\":{\"name\":\"Bruno Gianni\",\"@id\":\"https:\/\/thelabcareer.com\/#\/schema\/person\/d52888235fd6563bd07d97185d6a61e4\"},\"headline\":\"Docente de Dise\u00f1o de Modas: Salario competitivo, contrato fijo y desarrollo profesional\",\"datePublished\":\"2026-04-15T02:48:00+00:00\",\"dateModified\":\"2026-04-15T02:48:53+00:00\",\"mainEntityOfPage\":{\"@id\":\"https:\/\/thelabcareer.com\/9e17813f-f16d-4b16-951e-f8b6950bd195\/\"},\"wordCount\":408,\"commentCount\":0,\"publisher\":{\"@id\":\"https:\/\/thelabcareer.com\/#organization\"},\"articleSection\":[\"Hidden\"],\"inLanguage\":\"fr-FR\",\"potentialAction\":[{\"@type\":\"CommentAction\",\"name\":\"Comment\",\"target\":[\"https:\/\/thelabcareer.com\/9e17813f-f16d-4b16-951e-f8b6950bd195\/#respond\"]}]},{\"@type\":\"WebPage\",\"@id\":\"https:\/\/thelabcareer.com\/9e17813f-f16d-4b16-951e-f8b6950bd195\/\",\"url\":\"https:\/\/thelabcareer.com\/9e17813f-f16d-4b16-951e-f8b6950bd195\/\",\"name\":\"Docente de Dise\u00f1o de Modas: Salario competitivo, contrato fijo y desarrollo profesional - The Lab Career\",\"isPartOf\":{\"@id\":\"https:\/\/thelabcareer.com\/#website\"},\"datePublished\":\"2026-04-15T02:48:00+00:00\",\"dateModified\":\"2026-04-15T02:48:53+00:00\",\"breadcrumb\":{\"@id\":\"https:\/\/thelabcareer.com\/9e17813f-f16d-4b16-951e-f8b6950bd195\/#breadcrumb\"},\"inLanguage\":\"fr-FR\",\"potentialAction\":[{\"@type\":\"ReadAction\",\"target\":[\"https:\/\/thelabcareer.com\/9e17813f-f16d-4b16-951e-f8b6950bd195\/\"]}]},{\"@type\":\"BreadcrumbList\",\"@id\":\"https:\/\/thelabcareer.com\/9e17813f-f16d-4b16-951e-f8b6950bd195\/#breadcrumb\",\"itemListElement\":[{\"@type\":\"ListItem\",\"position\":1,\"name\":\"Home\",\"item\":\"https:\/\/thelabcareer.com\/\"},{\"@type\":\"ListItem\",\"position\":2,\"name\":\"Docente de Dise\u00f1o de Modas: Salario competitivo, contrato fijo y desarrollo profesional\"}]},{\"@type\":\"WebSite\",\"@id\":\"https:\/\/thelabcareer.com\/#website\",\"url\":\"https:\/\/thelabcareer.com\/\",\"name\":\"The Lab Career\",\"description\":\"\",\"publisher\":{\"@id\":\"https:\/\/thelabcareer.com\/#organization\"},\"potentialAction\":[{\"@type\":\"SearchAction\",\"target\":{\"@type\":\"EntryPoint\",\"urlTemplate\":\"https:\/\/thelabcareer.com\/?s={search_term_string}\"},\"query-input\":\"required name=search_term_string\"}],\"inLanguage\":\"fr-FR\"},{\"@type\":\"Organization\",\"@id\":\"https:\/\/thelabcareer.com\/#organization\",\"name\":\"The Lab Career\",\"url\":\"https:\/\/thelabcareer.com\/\",\"logo\":{\"@type\":\"ImageObject\",\"inLanguage\":\"fr-FR\",\"@id\":\"https:\/\/thelabcareer.com\/#\/schema\/logo\/image\/\",\"url\":\"https:\/\/thelabcareer.com\/wp-content\/uploads\/sites\/471\/2025\/12\/cropped-cropped-cropped-thelabcareer-logo.png\",\"contentUrl\":\"https:\/\/thelabcareer.com\/wp-content\/uploads\/sites\/471\/2025\/12\/cropped-cropped-cropped-thelabcareer-logo.png\",\"width\":255,\"height\":364,\"caption\":\"The Lab Career\"},\"image\":{\"@id\":\"https:\/\/thelabcareer.com\/#\/schema\/logo\/image\/\"}},{\"@type\":\"Person\",\"@id\":\"https:\/\/thelabcareer.com\/#\/schema\/person\/d52888235fd6563bd07d97185d6a61e4\",\"name\":\"Bruno Gianni\",\"image\":{\"@type\":\"ImageObject\",\"inLanguage\":\"fr-FR\",\"@id\":\"https:\/\/thelabcareer.com\/#\/schema\/person\/image\/\",\"url\":\"https:\/\/secure.gravatar.com\/avatar\/0f5d42d7bf77874643c1478932860e3f?s=96&d=mm&r=g\",\"contentUrl\":\"https:\/\/secure.gravatar.com\/avatar\/0f5d42d7bf77874643c1478932860e3f?s=96&d=mm&r=g\",\"caption\":\"Bruno Gianni\"},\"description\":\"Bruno writes the way he lives, with curiosity, care, and respect for people. He likes to observe, listen, and try to understand what is happening on the other side before putting any words on the page.For him, writing is not about impressing, but about getting closer. It is about turning thoughts into something simple, clear, and real. Every text is an ongoing conversation, created with care and honesty, with the sincere intention of touching someone, somewhere along the way.\",\"url\":\"https:\/\/thelabcareer.com\/fr\/author\/bcgianni\/\"}]}<\/script>\n<!-- \/ Yoast SEO plugin. -->","yoast_head_json":{"title":"Docente de Dise\u00f1o de Modas: Salario competitivo, contrato fijo y desarrollo profesional - The Lab Career","robots":{"index":"index","follow":"follow","max-snippet":"max-snippet:-1","max-image-preview":"max-image-preview:large","max-video-preview":"max-video-preview:-1"},"canonical":"https:\/\/thelabcareer.com\/fr\/9e17813f-f16d-4b16-951e-f8b6950bd195\/","og_locale":"fr_FR","og_type":"article","og_title":"Docente de Dise\u00f1o de Modas: Salario competitivo, contrato fijo y desarrollo profesional - The Lab Career","og_description":"Convi\u00e9rtete en docente de dise\u00f1o de modas. Salario competitivo, contrato fijo y oportunidad de crecer profesionalmente en una reconocida instituci\u00f3n educativa. Requiere experiencia y pasi\u00f3n por la moda.","og_url":"https:\/\/thelabcareer.com\/fr\/9e17813f-f16d-4b16-951e-f8b6950bd195\/","og_site_name":"The Lab Career","article_published_time":"2026-04-15T02:48:00+00:00","article_modified_time":"2026-04-15T02:48:53+00:00","author":"Bruno Gianni","twitter_card":"summary_large_image","twitter_misc":{"Written by":"Bruno Gianni","Est. reading time":"2 minutes"},"schema":{"@context":"https:\/\/schema.org","@graph":[{"@type":"Article","@id":"https:\/\/thelabcareer.com\/9e17813f-f16d-4b16-951e-f8b6950bd195\/#article","isPartOf":{"@id":"https:\/\/thelabcareer.com\/9e17813f-f16d-4b16-951e-f8b6950bd195\/"},"author":{"name":"Bruno Gianni","@id":"https:\/\/thelabcareer.com\/#\/schema\/person\/d52888235fd6563bd07d97185d6a61e4"},"headline":"Docente de Dise\u00f1o de Modas: Salario competitivo, contrato fijo y desarrollo profesional","datePublished":"2026-04-15T02:48:00+00:00","dateModified":"2026-04-15T02:48:53+00:00","mainEntityOfPage":{"@id":"https:\/\/thelabcareer.com\/9e17813f-f16d-4b16-951e-f8b6950bd195\/"},"wordCount":408,"commentCount":0,"publisher":{"@id":"https:\/\/thelabcareer.com\/#organization"},"articleSection":["Hidden"],"inLanguage":"fr-FR","potentialAction":[{"@type":"CommentAction","name":"Comment","target":["https:\/\/thelabcareer.com\/9e17813f-f16d-4b16-951e-f8b6950bd195\/#respond"]}]},{"@type":"WebPage","@id":"https:\/\/thelabcareer.com\/9e17813f-f16d-4b16-951e-f8b6950bd195\/","url":"https:\/\/thelabcareer.com\/9e17813f-f16d-4b16-951e-f8b6950bd195\/","name":"Docente de Dise\u00f1o de Modas: Salario competitivo, contrato fijo y desarrollo profesional - The Lab Career","isPartOf":{"@id":"https:\/\/thelabcareer.com\/#website"},"datePublished":"2026-04-15T02:48:00+00:00","dateModified":"2026-04-15T02:48:53+00:00","breadcrumb":{"@id":"https:\/\/thelabcareer.com\/9e17813f-f16d-4b16-951e-f8b6950bd195\/#breadcrumb"},"inLanguage":"fr-FR","potentialAction":[{"@type":"ReadAction","target":["https:\/\/thelabcareer.com\/9e17813f-f16d-4b16-951e-f8b6950bd195\/"]}]},{"@type":"BreadcrumbList","@id":"https:\/\/thelabcareer.com\/9e17813f-f16d-4b16-951e-f8b6950bd195\/#breadcrumb","itemListElement":[{"@type":"ListItem","position":1,"name":"Home","item":"https:\/\/thelabcareer.com\/"},{"@type":"ListItem","position":2,"name":"Docente de Dise\u00f1o de Modas: Salario competitivo, contrato fijo y desarrollo profesional"}]},{"@type":"WebSite","@id":"https:\/\/thelabcareer.com\/#website","url":"https:\/\/thelabcareer.com\/","name":"The Lab Career","description":"","publisher":{"@id":"https:\/\/thelabcareer.com\/#organization"},"potentialAction":[{"@type":"SearchAction","target":{"@type":"EntryPoint","urlTemplate":"https:\/\/thelabcareer.com\/?s={search_term_string}"},"query-input":"required name=search_term_string"}],"inLanguage":"fr-FR"},{"@type":"Organization","@id":"https:\/\/thelabcareer.com\/#organization","name":"The Lab Career","url":"https:\/\/thelabcareer.com\/","logo":{"@type":"ImageObject","inLanguage":"fr-FR","@id":"https:\/\/thelabcareer.com\/#\/schema\/logo\/image\/","url":"https:\/\/thelabcareer.com\/wp-content\/uploads\/sites\/471\/2025\/12\/cropped-cropped-cropped-thelabcareer-logo.png","contentUrl":"https:\/\/thelabcareer.com\/wp-content\/uploads\/sites\/471\/2025\/12\/cropped-cropped-cropped-thelabcareer-logo.png","width":255,"height":364,"caption":"The Lab Career"},"image":{"@id":"https:\/\/thelabcareer.com\/#\/schema\/logo\/image\/"}},{"@type":"Person","@id":"https:\/\/thelabcareer.com\/#\/schema\/person\/d52888235fd6563bd07d97185d6a61e4","name":"Bruno Gianni","image":{"@type":"ImageObject","inLanguage":"fr-FR","@id":"https:\/\/thelabcareer.com\/#\/schema\/person\/image\/","url":"https:\/\/secure.gravatar.com\/avatar\/0f5d42d7bf77874643c1478932860e3f?s=96&d=mm&r=g","contentUrl":"https:\/\/secure.gravatar.com\/avatar\/0f5d42d7bf77874643c1478932860e3f?s=96&d=mm&r=g","caption":"Bruno Gianni"},"description":"Bruno writes the way he lives, with curiosity, care, and respect for people. He likes to observe, listen, and try to understand what is happening on the other side before putting any words on the page.For him, writing is not about impressing, but about getting closer. It is about turning thoughts into something simple, clear, and real. Every text is an ongoing conversation, created with care and honesty, with the sincere intention of touching someone, somewhere along the way.","url":"https:\/\/thelabcareer.com\/fr\/author\/bcgianni\/"}]}},"uagb_featured_image_src":{"full":false,"thumbnail":false,"medium":false,"medium_large":false,"large":false,"1536x1536":false,"2048x2048":false,"trp-custom-language-flag":false},"uagb_author_info":{"display_name":"Bruno Gianni","author_link":"https:\/\/thelabcareer.com\/fr\/author\/bcgianni\/"},"uagb_comment_info":0,"uagb_excerpt":"Convi\u00e9rtete en docente de dise\u00f1o de modas. Salario competitivo, contrato fijo y oportunidad de crecer profesionalmente en una reconocida instituci\u00f3n educativa. Requiere experiencia y pasi\u00f3n por la moda.","_links":{"self":[{"href":"https:\/\/thelabcareer.com\/fr\/wp-json\/wp\/v2\/posts\/11990"}],"collection":[{"href":"https:\/\/thelabcareer.com\/fr\/wp-json\/wp\/v2\/posts"}],"about":[{"href":"https:\/\/thelabcareer.com\/fr\/wp-json\/wp\/v2\/types\/post"}],"author":[{"embeddable":true,"href":"https:\/\/thelabcareer.com\/fr\/wp-json\/wp\/v2\/users\/3"}],"replies":[{"embeddable":true,"href":"https:\/\/thelabcareer.com\/fr\/wp-json\/wp\/v2\/comments?post=11990"}],"version-history":[{"count":1,"href":"https:\/\/thelabcareer.com\/fr\/wp-json\/wp\/v2\/posts\/11990\/revisions"}],"predecessor-version":[{"id":11997,"href":"https:\/\/thelabcareer.com\/fr\/wp-json\/wp\/v2\/posts\/11990\/revisions\/11997"}],"wp:attachment":[{"href":"https:\/\/thelabcareer.com\/fr\/wp-json\/wp\/v2\/media?parent=11990"}],"wp:term":[{"taxonomy":"category","embeddable":true,"href":"https:\/\/thelabcareer.com\/fr\/wp-json\/wp\/v2\/categories?post=11990"},{"taxonomy":"post_tag","embeddable":true,"href":"https:\/\/thelabcareer.com\/fr\/wp-json\/wp\/v2\/tags?post=11990"}],"curies":[{"name":"wp","href":"https:\/\/api.w.org\/{rel}","templated":true}]}}